{"id":246326,"date":"2021-11-20T18:08:21","date_gmt":"2021-11-20T16:08:21","guid":{"rendered":"http:\/\/107.6.182.27\/tr\/?p=246326"},"modified":"2021-11-24T08:07:49","modified_gmt":"2021-11-24T06:07:49","slug":"slovakya-web-sitesi-suriye-insan-uygarliginin-besigidir","status":"publish","type":"post","link":"https:\/\/archive.sana.sy\/tr\/?p=246326","title":{"rendered":"Slovakya Web Sitesi: Suriye \u0130nsan Uygarl\u0131\u011f\u0131n\u0131n Be\u015fi\u011fidir"},"content":{"rendered":"<p>BRAT\u0130SLAVA \u2013 Slovakyal\u0131 Bryak web sitesinde Yazar Tomas Kupus taraf\u0131ndan haz\u0131rlanan Suriye hakk\u0131nda yaz\u0131l\u0131 ve resimli bir raporda, \u015eam ve Palmira&#8217;n\u0131n 9 renkli foto\u011fraf\u0131n\u0131n yer al\u0131rken, Suriyelilerin topraklar\u0131ndan ge\u00e7en say\u0131s\u0131z medeniyetin ger\u00e7ek miras\u00e7\u0131lar\u0131 oldu\u011funu ve bu nedenle Suriye&#8217;nin her zaman b\u00f6lgedeki en ho\u015fg\u00f6r\u00fcl\u00fc \u00fclke oldu\u011funu teyit etti.<\/p>\n<p>Tarihte ilk alfabenin Ugarit&#8217;te ortaya \u00e7\u0131kt\u0131\u011f\u0131n\u0131 belirten siteye g\u00f6re, Suriye&#8217;den ge\u00e7en her medeniyet ve imparatorluk, Suriye&#8217;de farkl\u0131 izler ve parmak izleri b\u0131rakm\u0131\u015f.<\/p>\n<p>Raporda, cam ve porselen end\u00fcstrisinin ilk eserlerinin Suriye&#8217;de ve di\u011fer mesleklerde ortaya \u00e7\u0131k\u0131\u015f\u0131n\u0131n yan\u0131 s\u0131ra antik tap\u0131naklar ve bulunduklar\u0131 \u015fehirlerin yan\u0131 s\u0131ra Suriye&#8217;deki bir\u00e7ok medeniyetin refah\u0131na vurgu yap\u0131ld\u0131.<\/p>\n<p>\u00c7ek akademisyen ve gazeteci Linka Hrabalova da ge\u00e7en ay turizm ve seyahat konusunda uzmanla\u015fm\u0131\u015f &#8220;Nas and Doul&#8221; dergisinin son say\u0131s\u0131nda Suriye hakk\u0131nda bir rapor yay\u0131nlad\u0131.<\/p>\n<p>P.M.<\/p>\n<p>&nbsp;<\/p>\n","protected":false},"excerpt":{"rendered":"<p>BRAT\u0130SLAVA \u2013 Slovakyal\u0131 Bryak web sitesinde Yazar Tomas Kupus taraf\u0131ndan haz\u0131rlanan Suriye hakk\u0131nda yaz\u0131l\u0131 ve resimli bir raporda, \u015eam ve Palmira&#8217;n\u0131n 9 renkli foto\u011fraf\u0131n\u0131n yer al\u0131rken, Suriyelilerin topraklar\u0131ndan ge\u00e7en say\u0131s\u0131z medeniyetin ger\u00e7ek miras\u00e7\u0131lar\u0131 oldu\u011funu ve bu nedenle Suriye&#8217;nin her zaman b\u00f6lgedeki en ho\u015fg\u00f6r\u00fcl\u00fc \u00fclke oldu\u011funu teyit etti. Tarihte ilk alfabenin Ugarit&#8217;te ortaya \u00e7\u0131kt\u0131\u011f\u0131n\u0131 belirten siteye &hellip;<\/p>\n","protected":false},"author":1,"featured_media":246329,"comment_status":"closed","ping_status":"closed","sticky":false,"template":"","format":"standard","meta":{"footnotes":""},"categories":[458,459,17988],"tags":[],"class_list":["post-246326","post","type-post","status-publish","format-standard","has-post-thumbnail","","category-dunya1","category-haberler-arap-uluslararasi-politika","category-son-haberler"],"_links":{"self":[{"href":"https:\/\/archive.sana.sy\/tr\/index.php?rest_route=\/wp\/v2\/posts\/246326","targetHints":{"allow":["GET"]}}],"collection":[{"href":"https:\/\/archive.sana.sy\/tr\/index.php?rest_route=\/wp\/v2\/posts"}],"about":[{"href":"https:\/\/archive.sana.sy\/tr\/index.php?rest_route=\/wp\/v2\/types\/post"}],"author":[{"embeddable":true,"href":"https:\/\/archive.sana.sy\/tr\/index.php?rest_route=\/wp\/v2\/users\/1"}],"replies":[{"embeddable":true,"href":"https:\/\/archive.sana.sy\/tr\/index.php?rest_route=%2Fwp%2Fv2%2Fcomments&post=246326"}],"version-history":[{"count":0,"href":"https:\/\/archive.sana.sy\/tr\/index.php?rest_route=\/wp\/v2\/posts\/246326\/revisions"}],"wp:featuredmedia":[{"embeddable":true,"href":"https:\/\/archive.sana.sy\/tr\/index.php?rest_route=\/wp\/v2\/media\/246329"}],"wp:attachment":[{"href":"https:\/\/archive.sana.sy\/tr\/index.php?rest_route=%2Fwp%2Fv2%2Fmedia&parent=246326"}],"wp:term":[{"taxonomy":"category","embeddable":true,"href":"https:\/\/archive.sana.sy\/tr\/index.php?rest_route=%2Fwp%2Fv2%2Fcategories&post=246326"},{"taxonomy":"post_tag","embeddable":true,"href":"https:\/\/archive.sana.sy\/tr\/index.php?rest_route=%2Fwp%2Fv2%2Ftags&post=246326"}],"curies":[{"name":"wp","href":"https:\/\/api.w.org\/{rel}","templated":true}]}}