{"id":24640,"date":"2015-02-23T11:18:05","date_gmt":"2015-02-23T09:18:05","guid":{"rendered":"http:\/\/www.sana.sy\/tr\/?p=24640"},"modified":"2015-02-23T15:04:50","modified_gmt":"2015-02-23T13:04:50","slug":"ihvanci-erdogan-rejimi-tarihte-gorulmemis-bir-hirsizlik-ve-saldiriya-imza-atti","status":"publish","type":"post","link":"https:\/\/archive.sana.sy\/tr\/?p=24640","title":{"rendered":"\u0130hvanc\u0131 Erdo\u011fan Rejimi Tarihte G\u00f6r\u00fclmemi\u015f Bir H\u0131rs\u0131zl\u0131k ve Sald\u0131r\u0131ya \u0130mza Att\u0131"},"content":{"rendered":"<p>\u015eAM \u2013 \u0130hvanc\u0131 Erdo\u011fan rejimi, I\u015e\u0130D ter\u00f6r \u00f6rg\u00fct\u00fcn\u00fcn himayesi ve yard\u0131m\u0131yla Suriye topraklar\u0131nda, Suriyelilere ve Ermenilere kar\u015f\u0131 i\u015fledi\u011fi katliamlarla tarihe ge\u00e7en Osmanl\u0131 Sultanl\u0131\u011f\u0131n\u0131n Kurucusunun mezar\u0131n\u0131n bulundu\u011fu S\u00fcleyman \u015eah t\u00fcrbesindeki kal\u0131nt\u0131lar\u0131 \u00e7alarak tarihte e\u015fi g\u00f6r\u00fclmemi\u015f bir h\u0131rs\u0131zl\u0131k ve sald\u0131r\u0131ya imza att\u0131.<\/p>\n<p>Sabah \u015fafa\u011f\u0131n s\u00f6kmesiyle \u201cs\u0131f\u0131r sorun\u201d politikas\u0131n\u0131n sahibi, Erdo\u011fan Rejimi h\u00fck\u00fcmetinin lideri Ahmet Davuto\u011flu, kameralar\u0131n kar\u015f\u0131s\u0131na \u00e7\u0131karak \u201cBa\u015far\u0131l\u0131 ve Kapsaml\u0131 Askeri Operasyon\u201d olarak isimlendirdi\u011fi sald\u0131r\u0131y\u0131 anlatmaya ba\u015flad\u0131.<\/p>\n<p>Davuto\u011flu; gece d\u00fczenlenen operasyonla S\u00fcleyman \u015eah T\u00fcrbesindeki kal\u0131nt\u0131lar\u0131n ve T\u00fcrbeyi korumakla g\u00f6revli 40 askerin, I\u015e\u0130D ter\u00f6r \u00f6rg\u00fct\u00fcn\u00fcn h\u00e2kim oldu\u011fu b\u00f6lgeden al\u0131nd\u0131\u011f\u0131n\u0131 anlatt\u0131.<\/p>\n<p><span style=\"color: #0000ff\">Musul\u2019ta T\u00fcrkiye Konsoloslu\u011funda I\u015e\u0130D Ter\u00f6ristlerinin T\u00fcrk Yetkililerden Ald\u0131klar\u0131 Talimatlar Kirli Ticareti G\u00fcn I\u015f\u0131\u011f\u0131na \u00c7\u0131kartt\u0131<\/span><\/p>\n<p>Daha \u00f6ncesinde de Erdo\u011fan rejimi Irak\u2019\u0131n Musul kentinde I\u015e\u0130D ter\u00f6r \u00f6rg\u00fct\u00fc taraf\u0131ndan rehin al\u0131nan 49 T\u00fcrk diplomat\u0131n kurtar\u0131lmas\u0131 \u00e7al\u0131\u015fmalar\u0131 s\u0131ras\u0131nda Musul\u2019da T\u00fcrkiye Konsoloslu\u011funda I\u015e\u0130D ter\u00f6ristlerinin T\u00fcrkiyeli yetkililerden telefonlar arac\u0131l\u0131\u011f\u0131yla ald\u0131\u011f\u0131 talimatlar I\u015e\u0130D ile T\u00fcrkiye\u2019deki Erdo\u011fan h\u00fck\u00fcmeti aras\u0131ndaki kirli ticareti g\u00fcn \u0131\u015f\u0131\u011f\u0131na \u00e7\u0131kard\u0131.<\/p>\n<p>S\u00fcleyman \u015eah T\u00fcrbesi ile T\u00fcrkiye aras\u0131ndaki yolda I\u015e\u0130D ter\u00f6ristlerinin yo\u011fun bir \u015fekilde yay\u0131lm\u0131\u015f oldu\u011funu ortaya koyan onlarca rapora ra\u011fmen Davuto\u011flu kameralar kar\u015f\u0131s\u0131nda S\u00fcleyman \u015eah t\u00fcrbesindeki kal\u0131nt\u0131lar\u0131n 100 askeri ara\u00e7, 39 tank ve 572 askerin kat\u0131ld\u0131\u011f\u0131 operasyonla hi\u00e7bir \u00e7at\u0131\u015fma ya\u015fanmadan \u201ciade\u201d al\u0131nd\u0131\u011f\u0131n\u0131 s\u00f6yl\u00fcyor.<\/p>\n<p><span style=\"color: #0000ff\">I\u015e\u0130D Ter\u00f6ristleriyle Dolu 35 Km Yolun Herhangi Bir \u00c7at\u0131\u015fma Olmadan Ge\u00e7ilmesi \u0130\u015fbirli\u011finin \u015e\u00fcphe G\u00f6t\u00fcrmez Kan\u0131t\u0131d\u0131r<\/span><\/p>\n<p>Siyasi g\u00f6zlemci ve analistler; \u0130hvanc\u0131 Adalet ve Kalk\u0131nma Partisi h\u00fck\u00fcmeti ba\u015fkan\u0131n\u0131n a\u00e7\u0131klamalar\u0131n\u0131n, s\u00f6z konusu operasyonun I\u015e\u0130D ter\u00f6ristleri ile T\u00fcrkiye Askerleri aras\u0131ndaki g\u00fcvenilir i\u015fbirli\u011fi ile d\u00fczenlendi\u011finin yans\u0131mas\u0131 oldu\u011funu ifade ettiler. \u201cS\u0131f\u0131r Dost\u201d teorisinin sahibinin gururla anlatt\u0131\u011f\u0131 g\u00fc\u00e7lerin T\u00fcrbe ile T\u00fcrkiye S\u0131n\u0131r\u0131 aras\u0131nda I\u015e\u0130D ter\u00f6ristleriyle dolu 35 km uzunlu\u011fundaki yol boyunca herhangi bir sald\u0131r\u0131ya maruz kalmadan gelmesinin ba\u015fka bir a\u00e7\u0131klamas\u0131 olamayaca\u011f\u0131n\u0131 vurgulad\u0131lar.<\/p>\n<p>Hat\u0131rlanaca\u011f\u0131 \u00fczere I\u015e\u0130D karanl\u0131k tekfirci ter\u00f6r \u00f6rg\u00fct\u00fc daha \u00f6ncesinde de Deyrezzor\u2019da Osmanl\u0131 yeni\u00e7erileri taraf\u0131ndan katledilen onlarca Ermeni \u015fehidin kal\u0131nt\u0131lar\u0131n\u0131n bulundu\u011fu Ermeni \u015eehit Kilisesi ve 1886 y\u0131l\u0131nda kuruldu\u011fundan bu yana d\u00fcnyan\u0131n d\u00f6rt bir yan\u0131nda m\u00fcminlerin ziyaret etti\u011fi bir merkez haline gelen Ammar Bin Yaser t\u00fcrbesini de tahrip ederek ya\u011fmalam\u0131\u015flard\u0131.<\/p>\n<p>Ammar Bin Yaser T\u00fcrbesini tahrip eden bu karanl\u0131k tekfirci ter\u00f6ristler aylard\u0131r S\u00fcleyman \u015eah T\u00fcrbesinin g\u00fcvenilir koruyucular\u0131 olarak kalm\u0131\u015f olmalar\u0131, Suriye uygarl\u0131\u011f\u0131n\u0131n tahrip edilmesi ve halk\u0131n\u0131n katledilmesinde karanl\u0131k tekfirci I\u015e\u0130D ter\u00f6ristleri ile Erdo\u011fan rejimi aras\u0131ndaki koordinasyon ve i\u015fbirli\u011finin \u015f\u00fcphe g\u00f6t\u00fcrmez kan\u0131t\u0131n\u0131 te\u015fkil ediyor.<\/p>\n<p><span style=\"color: #0000ff\">Davuto\u011flu Kendi \u0130ddialar\u0131n\u0131 Kendisi \u00c7\u00fcr\u00fctt\u00fc<\/span><\/p>\n<p>Davudo\u011flu\u2019nun, y\u00fczlerce ki\u015finin huzurunda ve Erdo\u011fan rejiminin I\u015e\u0130D ter\u00f6ristlerine s\u0131n\u0131rs\u0131z bir destek sundu\u011fu bilgileri \u0131\u015f\u0131\u011f\u0131nda dile getirdi\u011fi \u201cS\u00fcleyman \u015eah T\u00fcrbesine olas\u0131 bir sald\u0131r\u0131ya cevap vermeye haz\u0131r\u0131z\u201d iddialar\u0131 kendili\u011finden \u00e7\u00fcr\u00fcm\u00fc\u015f oldu.<\/p>\n<p><span style=\"color: #0000ff\">\u00c7al\u0131nt\u0131 Petrol\u00fcn Sat\u0131\u015f\u0131na Arac\u0131l\u0131k Eden Erdo\u011fan Rejimi Ter\u00f6ristlere Sahte Evrakla Ara\u00e7 da Sa\u011flad\u0131<\/span><\/p>\n<p>T\u00fcrkiye bas\u0131n\u0131 ve istihbarat birimleri, I\u015e\u0130D ter\u00f6ristlerinin Suriye ve Irak\u2019tan \u00e7al\u0131nan petrolleri sat\u0131n alan ve sat\u0131\u015f\u0131na arac\u0131l\u0131k eden Erdo\u011fan rejimi ve t\u00fcccarlar\u0131n ayn\u0131 zamanda \u201cJoker\u201d ad\u0131 alt\u0131nda I\u015e\u0130D ter\u00f6ristlerine Suriye halk\u0131 ve y\u00f6netimine kar\u015f\u0131 sald\u0131r\u0131larda kullanmak \u00fczere, sahte evrak ve sembolik fiyatlarla 5200 ara\u00e7 satt\u0131klar\u0131n\u0131 ortaya \u00e7\u0131kard\u0131.<\/p>\n<p>Erdo\u011fan \u0130stanbul\u2019da bulunan Suriye konsoloslu\u011funa, 1921 y\u0131l\u0131nda T\u00fcrkiye h\u00fck\u00fcmeti ile Frans\u0131z i\u015fgali otoriteleri aras\u0131nda yap\u0131lan anla\u015fma gere\u011fince, S\u00fcleyman \u015eah t\u00fcrbesine y\u00f6nelik operasyon d\u00fczenlenece\u011fini ve t\u00fcrbede bulunan kal\u0131nt\u0131lar\u0131n ba\u015fka bir yere al\u0131naca\u011f\u0131 bilgisinin verildi\u011fini ancak, her zaman oldu\u011fu gibi, Suriye h\u00fck\u00fcmetinin cevab\u0131n\u0131 beklemeden operasyonu ba\u015flatt\u0131klar\u0131n\u0131 a\u00e7\u0131klad\u0131.<\/p>\n<p><span style=\"color: #0000ff\">Davuto\u011flu Kameralar Kar\u015f\u0131s\u0131nda Frans\u0131z \u0130\u015fgali Otoriteleri ile T\u00fcrkiye H\u00fck\u00fcmeti Aras\u0131ndaki Anla\u015fmalara Uygun Hareket Edildi\u011fini \u0130ddia Ediyor<\/span><\/p>\n<p>Davuto\u011ful kameralar kar\u015f\u0131s\u0131nda S\u00fcleyman \u015eah T\u00fcrbesi operasyonu ile ilgili a\u00e7\u0131klamalar\u0131nda T\u00fcrkiye\u2019nin, uygulanmakta olan anla\u015fmalara b\u00fcy\u00fck bir \u00f6nem verdi\u011fini yans\u0131tmak i\u00e7in b\u00fcy\u00fck bir \u00e7aba harcad\u0131. Operasyonu \u201cSuriye Topraklar\u0131nda B\u00f6lgenin G\u00fcvenli\u011fi \u0130\u00e7in Kal\u0131nt\u0131lar\u0131n Daha Sonra Tekrar S\u00fcleyman \u015eah T\u00fcrbesine Nakledilecek\u201d \u015feklinde tan\u0131mlayarak Frans\u0131z \u0130\u015fgali Otoriteleri ile T\u00fcrkiye H\u00fck\u00fcmeti aras\u0131nda 94 y\u0131l \u00f6nce imzalanm\u0131\u015f anla\u015fmaya i\u015faret ediyor.<\/p>\n<p>Kirli ticaret pe\u015finde s\u00fcr\u00fcklenen, tekfirci karanl\u0131k ter\u00f6r gruplar\u0131na her t\u00fcrl\u00fc deste\u011fi sunan d\u00fcnyada ve Suriye&#8217;de masum insanlar\u0131n kan\u0131na eli bula\u015fm\u0131\u015f Erdo\u011fan rejiminin bug\u00fcne kadar if\u015fa olan politikalar\u0131; uluslararas\u0131 toplum, BM G\u00fcvenlik Konseyi ve Birle\u015fmi\u015f Milletler \u00d6rg\u00fct\u00fcne net bur tutum belirlemeyi dayat\u0131yor.<\/p>\n<p>F.B. &#8211; R.H.<\/p>\n","protected":false},"excerpt":{"rendered":"<p>\u015eAM \u2013 \u0130hvanc\u0131 Erdo\u011fan rejimi, I\u015e\u0130D ter\u00f6r \u00f6rg\u00fct\u00fcn\u00fcn himayesi ve yard\u0131m\u0131yla Suriye topraklar\u0131nda, Suriyelilere ve Ermenilere kar\u015f\u0131 i\u015fledi\u011fi katliamlarla tarihe ge\u00e7en Osmanl\u0131 Sultanl\u0131\u011f\u0131n\u0131n Kurucusunun mezar\u0131n\u0131n bulundu\u011fu S\u00fcleyman \u015eah t\u00fcrbesindeki kal\u0131nt\u0131lar\u0131 \u00e7alarak tarihte e\u015fi g\u00f6r\u00fclmemi\u015f bir h\u0131rs\u0131zl\u0131k ve sald\u0131r\u0131ya imza att\u0131. Sabah \u015fafa\u011f\u0131n s\u00f6kmesiyle \u201cs\u0131f\u0131r sorun\u201d politikas\u0131n\u0131n sahibi, Erdo\u011fan Rejimi h\u00fck\u00fcmetinin lideri Ahmet Davuto\u011flu, kameralar\u0131n kar\u015f\u0131s\u0131na &hellip;<\/p>\n","protected":false},"author":1,"featured_media":24641,"comment_status":"closed","ping_status":"closed","sticky":false,"template":"","format":"standard","meta":{"footnotes":""},"categories":[458,459,447,2554,2555],"tags":[11756,11757,11758],"class_list":["post-24640","post","type-post","status-publish","format-standard","has-post-thumbnail","","category-dunya1","category-haberler-arap-uluslararasi-politika","category-politika","category-suriye-ve-dunya","category-suriye-ve-turkiye","tag-ihvanci-erdogan-rejimi-tarihte-gorulmemis-bir-hirsizlik-ve-saldiriya-imza-atti-sam-ihvanci-erdogan-rejimi","tag-isid-teror-orgutunun-himayesi-ve-yardimiyla-suriye-topraklarinda","tag-suriyelilere-ve-ermenilere-karsi-isledigi-katliamlarla-tarihe-gecen-osmanli-sultanliginin-kurucusunun-mezarinin-bulundugu-suleyman-sah-turbesindeki-kalintilari-calarak-tarihte-esi-gorulmemis-bir-hirsi"],"_links":{"self":[{"href":"https:\/\/archive.sana.sy\/tr\/index.php?rest_route=\/wp\/v2\/posts\/24640","targetHints":{"allow":["GET"]}}],"collection":[{"href":"https:\/\/archive.sana.sy\/tr\/index.php?rest_route=\/wp\/v2\/posts"}],"about":[{"href":"https:\/\/archive.sana.sy\/tr\/index.php?rest_route=\/wp\/v2\/types\/post"}],"author":[{"embeddable":true,"href":"https:\/\/archive.sana.sy\/tr\/index.php?rest_route=\/wp\/v2\/users\/1"}],"replies":[{"embeddable":true,"href":"https:\/\/archive.sana.sy\/tr\/index.php?rest_route=%2Fwp%2Fv2%2Fcomments&post=24640"}],"version-history":[{"count":0,"href":"https:\/\/archive.sana.sy\/tr\/index.php?rest_route=\/wp\/v2\/posts\/24640\/revisions"}],"wp:featuredmedia":[{"embeddable":true,"href":"https:\/\/archive.sana.sy\/tr\/index.php?rest_route=\/wp\/v2\/media\/24641"}],"wp:attachment":[{"href":"https:\/\/archive.sana.sy\/tr\/index.php?rest_route=%2Fwp%2Fv2%2Fmedia&parent=24640"}],"wp:term":[{"taxonomy":"category","embeddable":true,"href":"https:\/\/archive.sana.sy\/tr\/index.php?rest_route=%2Fwp%2Fv2%2Fcategories&post=24640"},{"taxonomy":"post_tag","embeddable":true,"href":"https:\/\/archive.sana.sy\/tr\/index.php?rest_route=%2Fwp%2Fv2%2Ftags&post=24640"}],"curies":[{"name":"wp","href":"https:\/\/api.w.org\/{rel}","templated":true}]}}