{"id":246471,"date":"2021-11-24T07:22:55","date_gmt":"2021-11-24T05:22:55","guid":{"rendered":"http:\/\/107.6.182.27\/tr\/?p=246471"},"modified":"2021-11-25T08:39:30","modified_gmt":"2021-11-25T06:39:30","slug":"dusman-israil-orta-bolgeye-saldirdi-2-sivil-sehit-1-sivil-ile-6-asker-yarali","status":"publish","type":"post","link":"https:\/\/archive.sana.sy\/tr\/?p=246471","title":{"rendered":"D\u00fc\u015fman \u0130srail Orta B\u00f6lgeye Sald\u0131rd\u0131.. 2 Sivil \u015eehit 1 Sivil \u0130le 6 Asker Yaral\u0131"},"content":{"rendered":"<p style=\"text-align: justify;\">\u015eAM \u2013 D\u00fc\u015fman \u0130srail&#8217;in orta b\u00f6lgeye y\u00f6nelik sald\u0131r\u0131s\u0131 sonucunda iki sivil \u015fehit d\u00fc\u015ft\u00fc bir di\u011feriyle 6 asker yaraland\u0131.<\/p>\n<p style=\"text-align: justify;\">Askeri kaynak SANA&#8217;ya a\u00e7\u0131klamas\u0131nda: &#8220;Bu sabah yakla\u015f\u0131k saat 01:26 sular\u0131nda d\u00fc\u015fman \u0130srail, kuzeydo\u011fu Beyrut y\u00f6n\u00fcnden orta b\u00f6lgedeki baz\u0131 noktalar\u0131 hedef alan f\u00fczeli hava sald\u0131r\u0131s\u0131 d\u00fczenledi. Hava savunma sistemlerimiz sald\u0131rgan f\u00fczelere kar\u015f\u0131 koydu ve \u00e7o\u011funu d\u00fc\u015f\u00fcrd\u00fc.<\/p>\n<p style=\"text-align: justify;\">Sald\u0131r\u0131 sonucunda iki sivil vatanda\u015f \u015fehit d\u00fc\u015ft\u00fc bi di\u011feri de yaralan\u0131rken 6 askerin de yaralanmas\u0131na ayr\u0131ca baz\u0131 maddi hasarlara neden oldu&#8221; dedi.<\/p>\n","protected":false},"excerpt":{"rendered":"<p>\u015eAM \u2013 D\u00fc\u015fman \u0130srail&#8217;in orta b\u00f6lgeye y\u00f6nelik sald\u0131r\u0131s\u0131 sonucunda iki sivil \u015fehit d\u00fc\u015ft\u00fc bir di\u011feriyle 6 asker yaraland\u0131. Askeri kaynak SANA&#8217;ya a\u00e7\u0131klamas\u0131nda: &#8220;Bu sabah yakla\u015f\u0131k saat 01:26 sular\u0131nda d\u00fc\u015fman \u0130srail, kuzeydo\u011fu Beyrut y\u00f6n\u00fcnden orta b\u00f6lgedeki baz\u0131 noktalar\u0131 hedef alan f\u00fczeli hava sald\u0131r\u0131s\u0131 d\u00fczenledi. Hava savunma sistemlerimiz sald\u0131rgan f\u00fczelere kar\u015f\u0131 koydu ve \u00e7o\u011funu d\u00fc\u015f\u00fcrd\u00fc. Sald\u0131r\u0131 sonucunda &hellip;<\/p>\n","protected":false},"author":1,"featured_media":246472,"comment_status":"closed","ping_status":"closed","sticky":false,"template":"","format":"standard","meta":{"footnotes":""},"categories":[479,575,17988,478],"tags":[],"class_list":["post-246471","post","type-post","status-publish","format-standard","has-post-thumbnail","","category-haberler-yerel","category-olaylar-ve-gercekler","category-son-haberler","category-yerel"],"_links":{"self":[{"href":"https:\/\/archive.sana.sy\/tr\/index.php?rest_route=\/wp\/v2\/posts\/246471","targetHints":{"allow":["GET"]}}],"collection":[{"href":"https:\/\/archive.sana.sy\/tr\/index.php?rest_route=\/wp\/v2\/posts"}],"about":[{"href":"https:\/\/archive.sana.sy\/tr\/index.php?rest_route=\/wp\/v2\/types\/post"}],"author":[{"embeddable":true,"href":"https:\/\/archive.sana.sy\/tr\/index.php?rest_route=\/wp\/v2\/users\/1"}],"replies":[{"embeddable":true,"href":"https:\/\/archive.sana.sy\/tr\/index.php?rest_route=%2Fwp%2Fv2%2Fcomments&post=246471"}],"version-history":[{"count":0,"href":"https:\/\/archive.sana.sy\/tr\/index.php?rest_route=\/wp\/v2\/posts\/246471\/revisions"}],"wp:featuredmedia":[{"embeddable":true,"href":"https:\/\/archive.sana.sy\/tr\/index.php?rest_route=\/wp\/v2\/media\/246472"}],"wp:attachment":[{"href":"https:\/\/archive.sana.sy\/tr\/index.php?rest_route=%2Fwp%2Fv2%2Fmedia&parent=246471"}],"wp:term":[{"taxonomy":"category","embeddable":true,"href":"https:\/\/archive.sana.sy\/tr\/index.php?rest_route=%2Fwp%2Fv2%2Fcategories&post=246471"},{"taxonomy":"post_tag","embeddable":true,"href":"https:\/\/archive.sana.sy\/tr\/index.php?rest_route=%2Fwp%2Fv2%2Ftags&post=246471"}],"curies":[{"name":"wp","href":"https:\/\/api.w.org\/{rel}","templated":true}]}}