{"id":24650,"date":"2015-02-23T13:20:49","date_gmt":"2015-02-23T11:20:49","guid":{"rendered":"http:\/\/www.sana.sy\/tr\/?p=24650"},"modified":"2015-02-24T13:34:40","modified_gmt":"2015-02-24T11:34:40","slug":"samin-sivil-yerlesim-semtlerine-yonelik-teror-saldirilarinda-8-vatandas-yaralandi","status":"publish","type":"post","link":"https:\/\/archive.sana.sy\/tr\/?p=24650","title":{"rendered":"Hain Sald\u0131r\u0131larda Onlarca Sivil \u015eehit ve Yaral\u0131 D\u00fc\u015ft\u00fc"},"content":{"rendered":"<p>\u015eAM ve KIRSALI \u2013 Tekfiri ter\u00f6r \u00f6rg\u00fctlerinin bu sabah \u015eam\u2019\u0131n Duveyl\u2019a ve Sanayi sivil yerle\u015fim semtlerine f\u0131rlatt\u0131\u011f\u0131 5 adet roket f\u00fczeli ter\u00f6r sald\u0131r\u0131lar\u0131 sonucunda aralar\u0131nda bir bayan\u0131n bulundu\u011fu 8 vatanda\u015f yaraland\u0131.<\/p>\n<p>\u0130l Emniyet M\u00fcd\u00fcrl\u00fc\u011f\u00fcnde bir kaynak SANA muhabirine yapt\u0131\u011f\u0131 a\u00e7\u0131klamada, bir roket f\u00fczesinin Duveyl\u2019a t\u00fcneli yak\u0131nlar\u0131na d\u00fc\u015fmesi sonucunda aralar\u0131nda bir bayan\u0131n bulundu\u011fu 5 vatanda\u015f\u0131n yaralanmas\u0131na yol a\u00e7t\u0131\u011f\u0131n\u0131, ikinci f\u00fczenin Semtteki \u0130shak f\u0131r\u0131n\u0131 yak\u0131nlar\u0131na d\u00fc\u015ft\u00fc\u011f\u00fcn\u00fc bunun sonucunda da olay yerinde maddi zararlara yol a\u00e7t\u0131\u011f\u0131n\u0131 s\u00f6yledi.<\/p>\n<p>Kaynak, Sanayi Semtine de 3 roket f\u00fczesinin d\u00fc\u015fmesi sonucunda 3 vatanda\u015f\u0131n yaraland\u0131\u011f\u0131na vatanda\u015flar\u0131n m\u00fclklerinde de maddi zararlara yol a\u00e7t\u0131\u011f\u0131na i\u015faret etti.<\/p>\n<p>D\u00fcn ise ba\u015fkentin kuzeyinde yer alan U\u015f el Varvar Semtinde bir eve d\u00fczen f\u00fcze sonucunda bir anne \u015fehit d\u00fc\u015ferken \u00e7ocu\u011fu da yaralanm\u0131\u015f, eski \u015eam\u2019\u0131n Bab Tuma Semti el Cura mahallesinde bir eve d\u00fc\u015fen\u00a0 ba\u015fka bir f\u00fcze evde maddi zararlara yol a\u00e7m\u0131\u015ft\u0131.<\/p>\n<p>\u015eam K\u0131rsal\u0131 Ceramana Kasabas\u0131nda ise emniyet kaynaklar\u0131 Yeni el Nahda Semtine d\u00fczenlenen roketli ter\u00f6r sald\u0131r\u0131s\u0131 sonucunda vatanda\u015flar\u0131n m\u00fclklerinde maddi hasarlara yol a\u00e7t\u0131\u011f\u0131n\u0131 s\u00f6yledi.<\/p>\n<p>Ter\u00f6ristlerin \u015eam k\u0131rsal\u0131nda Vafidin B\u00f6lgesini yine f\u00fczelerle hedef ald\u0131klar\u0131n\u0131 belirten emniyet kayna\u011f\u0131, gaddar sald\u0131r\u0131larda geneli \u00e7ocuk ve kad\u0131nlardan olu\u015fan 4 vatanda\u015f\u0131n \u015fehit, 20\u2019den fazla vatanda\u015f\u0131n da yaral\u0131 d\u00fc\u015ft\u00fcklerini aktard\u0131.<\/p>\n<p><span style=\"color: #0000ff\">Cezaevine F\u00fcze Sald\u0131r\u0131s\u0131.. 4 \u015eehit, 26 Yaral\u0131<\/span><\/p>\n<p>\u015eam \u00c7evre Kent Emniyet M\u00fcd\u00fcrl\u00fc\u011f\u00fcnde bir kaynak ter\u00f6ristlerin cezaevi giri\u015fini bir f\u00fczeyle hedef ald\u0131klar\u0131n\u0131 aktar\u0131rken, hain sald\u0131r\u0131da cezaevindeki yak\u0131nlar\u0131n\u0131 ziyaret etmeye gelen 4 vatanda\u015f\u0131n \u015fehit, aralar\u0131nda bir kad\u0131n ve bir \u00e7ocu\u011fun bulundu\u011fu 26 vatanda\u015f\u0131n da yaral\u0131 d\u00fc\u015ft\u00fcklerini belirtti.<\/p>\n<p>Bu arada merkez cezaevi Adra\u2019da Duma b\u00f6lgesine yak\u0131n olmas\u0131yla Duma Kasabas\u0131 ve civar\u0131ndaki tar\u0131m arazilerde mevcut ter\u00f6r \u00e7eteleri sivil yerle\u015fim alanlar\u0131n\u0131 s\u00fcrekli bir \u015fekilde gaddar f\u00fcze ve roketlerle hedef almaktalar.<\/p>\n<p><span style=\"color: #0000ff\">Seyyide Zeyneb Yolunda 6 \u015eehit<\/span><\/p>\n<p>Bu arada bombal\u0131 ara\u00e7 kullanan bir terrorist \u015eam k\u0131rsal\u0131 Seyyide Zeyneb Beldesi yolunda arac\u0131 havaya u\u00e7urdu.<\/p>\n<p>Emniyet M\u00fcd\u00fcrl\u00fc\u011f\u00fcnde bir kaynak; \u00f6zel bir arac\u0131n \u015eam k\u0131rsal\u0131 Seyyide Zeyneb Beldesinin giri\u015fi yak\u0131n\u0131nda bir barikatta tefti\u015f i\u00e7in durduruldu\u011fu s\u0131rada intihar yele\u011fi giyen bir ter\u00f6ristin ara\u00e7tan inip kendini havaya u\u00e7urdu\u011funu s\u00f6yledi.<\/p>\n<p>Kaynak ara\u00e7ta bulunan bir ba\u015fka iki intihar eylemcisi ter\u00f6ristin k\u0131sa bir sure sonar bombal\u0131 ara\u00e7la birlikte kendilerini havaya u\u00e7urduklar\u0131n\u0131 aktard\u0131.<\/p>\n<p>Emniyet kayna\u011f\u0131 ter\u00f6r eyleminde 6 ki\u015finin \u015fehit, bir k\u0131sm\u0131 a\u011f\u0131r 13 ki\u015finin de yaraland\u0131\u011f\u0131n\u0131 belirtti.<\/p>\n<p>S.\u015e. &#8211; A.A. &#8211; R.H. &#8211; M.M.<\/p>\n","protected":false},"excerpt":{"rendered":"<p>\u015eAM ve KIRSALI \u2013 Tekfiri ter\u00f6r \u00f6rg\u00fctlerinin bu sabah \u015eam\u2019\u0131n Duveyl\u2019a ve Sanayi sivil yerle\u015fim semtlerine f\u0131rlatt\u0131\u011f\u0131 5 adet roket f\u00fczeli ter\u00f6r sald\u0131r\u0131lar\u0131 sonucunda aralar\u0131nda bir bayan\u0131n bulundu\u011fu 8 vatanda\u015f yaraland\u0131. \u0130l Emniyet M\u00fcd\u00fcrl\u00fc\u011f\u00fcnde bir kaynak SANA muhabirine yapt\u0131\u011f\u0131 a\u00e7\u0131klamada, bir roket f\u00fczesinin Duveyl\u2019a t\u00fcneli yak\u0131nlar\u0131na d\u00fc\u015fmesi sonucunda aralar\u0131nda bir bayan\u0131n bulundu\u011fu 5 vatanda\u015f\u0131n yaralanmas\u0131na &hellip;<\/p>\n","protected":false},"author":1,"featured_media":24661,"comment_status":"closed","ping_status":"closed","sticky":false,"template":"","format":"standard","meta":{"footnotes":""},"categories":[479,575,478],"tags":[11769],"class_list":["post-24650","post","type-post","status-publish","format-standard","has-post-thumbnail","","category-haberler-yerel","category-olaylar-ve-gercekler","category-yerel","tag-samin-sivil-yerlesim-semtlerine-yonelik-teror-saldirilarinda-8-vatandas-yaralandi-sam-tekfiri-teror-orgutlerinin-bu-sabah-samin-duveyla-ve-sanayi-sivil-yerlesim-se"],"_links":{"self":[{"href":"https:\/\/archive.sana.sy\/tr\/index.php?rest_route=\/wp\/v2\/posts\/24650","targetHints":{"allow":["GET"]}}],"collection":[{"href":"https:\/\/archive.sana.sy\/tr\/index.php?rest_route=\/wp\/v2\/posts"}],"about":[{"href":"https:\/\/archive.sana.sy\/tr\/index.php?rest_route=\/wp\/v2\/types\/post"}],"author":[{"embeddable":true,"href":"https:\/\/archive.sana.sy\/tr\/index.php?rest_route=\/wp\/v2\/users\/1"}],"replies":[{"embeddable":true,"href":"https:\/\/archive.sana.sy\/tr\/index.php?rest_route=%2Fwp%2Fv2%2Fcomments&post=24650"}],"version-history":[{"count":0,"href":"https:\/\/archive.sana.sy\/tr\/index.php?rest_route=\/wp\/v2\/posts\/24650\/revisions"}],"wp:featuredmedia":[{"embeddable":true,"href":"https:\/\/archive.sana.sy\/tr\/index.php?rest_route=\/wp\/v2\/media\/24661"}],"wp:attachment":[{"href":"https:\/\/archive.sana.sy\/tr\/index.php?rest_route=%2Fwp%2Fv2%2Fmedia&parent=24650"}],"wp:term":[{"taxonomy":"category","embeddable":true,"href":"https:\/\/archive.sana.sy\/tr\/index.php?rest_route=%2Fwp%2Fv2%2Fcategories&post=24650"},{"taxonomy":"post_tag","embeddable":true,"href":"https:\/\/archive.sana.sy\/tr\/index.php?rest_route=%2Fwp%2Fv2%2Ftags&post=24650"}],"curies":[{"name":"wp","href":"https:\/\/api.w.org\/{rel}","templated":true}]}}