{"id":246512,"date":"2021-11-24T11:59:37","date_gmt":"2021-11-24T09:59:37","guid":{"rendered":"http:\/\/107.6.182.27\/tr\/?p=246512"},"modified":"2021-11-25T08:44:51","modified_gmt":"2021-11-25T06:44:51","slug":"israil-isgal-gucleri-bati-yakada-7-filistinliyi-tutukladi-2","status":"publish","type":"post","link":"https:\/\/archive.sana.sy\/tr\/?p=246512","title":{"rendered":"\u0130srail \u0130\u015fgal G\u00fc\u00e7leri, Bat\u0131 Yaka\u2019da 7 Filistinliyi Tutuklad\u0131"},"content":{"rendered":"<p>\u0130\u015eGAL ALTINDAK\u0130 KUD\u00dcS \u2013 \u0130srail i\u015fgal g\u00fc\u00e7leri, Bat\u0131 Yaka\u2019n\u0131n farkl\u0131 b\u00f6lgelerinde 7 Filistinliyi tutuklad\u0131.<\/p>\n<p>WAFA Haber Ajans\u0131, \u0130srail i\u015fgal g\u00fc\u00e7lerinin, i\u015fgal alt\u0131ndaki kud\u00fcs\u2019teki Cebel El Mekbir beldesi, Tulkarm\u2019\u0131n kuzeyindeki Zeyta beldesi, Ramallah\u2019taki El Celzun kamp\u0131 ve kuzeyindeki Beyt Rima beldesi ve Deyr Nazim K\u00f6y\u00fcne bask\u0131n d\u00fczenledi\u011fini belirtirken, aralar\u0131nda bir kad\u0131n\u0131n bulundu\u011fu 7 Filistinliyi tutuklad\u0131\u011f\u0131na i\u015faret etti.<\/p>\n","protected":false},"excerpt":{"rendered":"<p>\u0130\u015eGAL ALTINDAK\u0130 KUD\u00dcS \u2013 \u0130srail i\u015fgal g\u00fc\u00e7leri, Bat\u0131 Yaka\u2019n\u0131n farkl\u0131 b\u00f6lgelerinde 7 Filistinliyi tutuklad\u0131. WAFA Haber Ajans\u0131, \u0130srail i\u015fgal g\u00fc\u00e7lerinin, i\u015fgal alt\u0131ndaki kud\u00fcs\u2019teki Cebel El Mekbir beldesi, Tulkarm\u2019\u0131n kuzeyindeki Zeyta beldesi, Ramallah\u2019taki El Celzun kamp\u0131 ve kuzeyindeki Beyt Rima beldesi ve Deyr Nazim K\u00f6y\u00fcne bask\u0131n d\u00fczenledi\u011fini belirtirken, aralar\u0131nda bir kad\u0131n\u0131n bulundu\u011fu 7 Filistinliyi tutuklad\u0131\u011f\u0131na i\u015faret &hellip;<\/p>\n","protected":false},"author":36,"featured_media":246513,"comment_status":"closed","ping_status":"closed","sticky":false,"template":"","format":"standard","meta":{"footnotes":""},"categories":[458,459,17988],"tags":[],"class_list":["post-246512","post","type-post","status-publish","format-standard","has-post-thumbnail","","category-dunya1","category-haberler-arap-uluslararasi-politika","category-son-haberler"],"_links":{"self":[{"href":"https:\/\/archive.sana.sy\/tr\/index.php?rest_route=\/wp\/v2\/posts\/246512","targetHints":{"allow":["GET"]}}],"collection":[{"href":"https:\/\/archive.sana.sy\/tr\/index.php?rest_route=\/wp\/v2\/posts"}],"about":[{"href":"https:\/\/archive.sana.sy\/tr\/index.php?rest_route=\/wp\/v2\/types\/post"}],"author":[{"embeddable":true,"href":"https:\/\/archive.sana.sy\/tr\/index.php?rest_route=\/wp\/v2\/users\/36"}],"replies":[{"embeddable":true,"href":"https:\/\/archive.sana.sy\/tr\/index.php?rest_route=%2Fwp%2Fv2%2Fcomments&post=246512"}],"version-history":[{"count":0,"href":"https:\/\/archive.sana.sy\/tr\/index.php?rest_route=\/wp\/v2\/posts\/246512\/revisions"}],"wp:featuredmedia":[{"embeddable":true,"href":"https:\/\/archive.sana.sy\/tr\/index.php?rest_route=\/wp\/v2\/media\/246513"}],"wp:attachment":[{"href":"https:\/\/archive.sana.sy\/tr\/index.php?rest_route=%2Fwp%2Fv2%2Fmedia&parent=246512"}],"wp:term":[{"taxonomy":"category","embeddable":true,"href":"https:\/\/archive.sana.sy\/tr\/index.php?rest_route=%2Fwp%2Fv2%2Fcategories&post=246512"},{"taxonomy":"post_tag","embeddable":true,"href":"https:\/\/archive.sana.sy\/tr\/index.php?rest_route=%2Fwp%2Fv2%2Ftags&post=246512"}],"curies":[{"name":"wp","href":"https:\/\/api.w.org\/{rel}","templated":true}]}}