{"id":24663,"date":"2015-02-23T14:45:00","date_gmt":"2015-02-23T12:45:00","guid":{"rendered":"http:\/\/www.sana.sy\/tr\/?p=24663"},"modified":"2015-02-23T19:39:45","modified_gmt":"2015-02-23T17:39:45","slug":"buhari-iki-ulke-arasinda-saglam-ve-guclu-iliskiler-bulunmaktadir","status":"publish","type":"post","link":"https:\/\/archive.sana.sy\/tr\/?p=24663","title":{"rendered":"Buhari: \u0130ki \u00dclke Aras\u0131nda Sa\u011flam ve G\u00fc\u00e7l\u00fc ili\u015fkiler Bulunmaktad\u0131r"},"content":{"rendered":"<p>\u015eAM \u2013 Pakistan Senato Meclisi Ba\u015fkan\u0131 Nayyer H\u00fcseyin Buhari Pakistan senato heyetinin ba\u015fkanl\u0131\u011f\u0131nda bug\u00fcn Suriye ziyaretine ba\u015flad\u0131.<\/p>\n<p>\u015eam k\u0131rsal\u0131nda L\u00fcbnan\u2019a a\u00e7\u0131lan Cdeydet Yabus S\u0131n\u0131r kap\u0131s\u0131nda Pakistanl\u0131 Senato heyetini Halk Meclisi Ba\u015fkan\u0131 Muhammed Cihat el Lahham, Halk Meclisi Denetmeni Abd\u00fcsselam Dahmu\u015f, Halk Meclisinde Arap ve D\u0131\u015f \u0130li\u015fkiler Komitesi ba\u015fkan\u0131 Fadiya Diyb, bir\u00e7ok milletvekili ve Pakistan\u2019\u0131n \u015eam B\u00fcy\u00fckel\u00e7isi Vahit Ahmet kar\u015f\u0131lad\u0131.<\/p>\n<p>S\u0131n\u0131r kap\u0131s\u0131n\u0131n misafir salonunda k\u0131sa bir dinlenmeden sonra bas\u0131na a\u00e7\u0131klama yapan Buhari; Suriye ve Pakistan aras\u0131ndaki ili\u015fkileri derin bir tarihe dayanan sa\u011flam ve g\u00fcvenilir ili\u015fkiler olarak nitelendirdi. Buhari iki taraf\u0131n bu ili\u015fkileri muhtelif alanlarda ve y\u00f6nlerde geli\u015ftirmekle birlikte parlamenter i\u015fbirli\u011fini aktifle\u015ftirme \u00e7abas\u0131nda olduklar\u0131n\u0131 belirtti.<\/p>\n<p>Devletlerin egemenli\u011fine mutlak bir \u015fekilde sayg\u0131 duyulmas\u0131 gere\u011fini vurgulayan Buhari; Asya Parlamentolar\u0131 Cemiyeti rol\u00fcn\u00fcn etkinle\u015ftirilmesi \u00e7a\u011fr\u0131s\u0131nda bulundu.<\/p>\n<p>Suriye&#8217;ye \u00fc\u00e7 g\u00fcn s\u00fcrecek i\u015f ziyaretinde bulunan Buhari; 2013 y\u0131l\u0131nda d\u00fczenledi\u011fi alt\u0131nc\u0131 genel kongresinde Asya Parlamentolar\u0131 Cemiyetinin ba\u015fkan\u0131 olarak se\u00e7ilmi\u015fti.<\/p>\n<div id='gallery-1' class='gallery galleryid-24663 gallery-columns-2 gallery-size-medium'><figure class='gallery-item'>\n\t\t\t<div class='gallery-icon portrait'>\n\t\t\t\t<a href='https:\/\/archive.sana.sy\/tr\/wp-content\/uploads\/2015\/02\/Pakistan-2.jpg'><img loading=\"lazy\" decoding=\"async\" width=\"200\" height=\"300\" src=\"https:\/\/archive.sana.sy\/tr\/wp-content\/uploads\/2015\/02\/Pakistan-2-200x300.jpg\" class=\"attachment-medium size-medium\" alt=\"\" srcset=\"https:\/\/archive.sana.sy\/tr\/wp-content\/uploads\/2015\/02\/Pakistan-2-200x300.jpg 200w, https:\/\/archive.sana.sy\/tr\/wp-content\/uploads\/2015\/02\/Pakistan-2-100x150.jpg 100w, https:\/\/archive.sana.sy\/tr\/wp-content\/uploads\/2015\/02\/Pakistan-2-684x1024.jpg 684w\" sizes=\"auto, (max-width: 200px) 100vw, 200px\" \/><\/a>\n\t\t\t<\/div><\/figure><figure class='gallery-item'>\n\t\t\t<div class='gallery-icon landscape'>\n\t\t\t\t<a href='https:\/\/archive.sana.sy\/tr\/wp-content\/uploads\/2015\/02\/Pakistan-3.jpg'><img loading=\"lazy\" decoding=\"async\" width=\"300\" height=\"194\" src=\"https:\/\/archive.sana.sy\/tr\/wp-content\/uploads\/2015\/02\/Pakistan-3-300x194.jpg\" class=\"attachment-medium size-medium\" alt=\"\" srcset=\"https:\/\/archive.sana.sy\/tr\/wp-content\/uploads\/2015\/02\/Pakistan-3-300x194.jpg 300w, https:\/\/archive.sana.sy\/tr\/wp-content\/uploads\/2015\/02\/Pakistan-3-150x97.jpg 150w, https:\/\/archive.sana.sy\/tr\/wp-content\/uploads\/2015\/02\/Pakistan-3-1024x664.jpg 1024w\" sizes=\"auto, (max-width: 300px) 100vw, 300px\" \/><\/a>\n\t\t\t<\/div><\/figure>\n\t\t<\/div>\n\n<p>&nbsp;<\/p>\n<p>A.A.<\/p>\n","protected":false},"excerpt":{"rendered":"<p>\u015eAM \u2013 Pakistan Senato Meclisi Ba\u015fkan\u0131 Nayyer H\u00fcseyin Buhari Pakistan senato heyetinin ba\u015fkanl\u0131\u011f\u0131nda bug\u00fcn Suriye ziyaretine ba\u015flad\u0131. \u015eam k\u0131rsal\u0131nda L\u00fcbnan\u2019a a\u00e7\u0131lan Cdeydet Yabus S\u0131n\u0131r kap\u0131s\u0131nda Pakistanl\u0131 Senato heyetini Halk Meclisi Ba\u015fkan\u0131 Muhammed Cihat el Lahham, Halk Meclisi Denetmeni Abd\u00fcsselam Dahmu\u015f, Halk Meclisinde Arap ve D\u0131\u015f \u0130li\u015fkiler Komitesi ba\u015fkan\u0131 Fadiya Diyb, bir\u00e7ok milletvekili ve Pakistan\u2019\u0131n \u015eam &hellip;<\/p>\n","protected":false},"author":1,"featured_media":24664,"comment_status":"closed","ping_status":"closed","sticky":false,"template":"","format":"standard","meta":{"footnotes":""},"categories":[479,478],"tags":[11774],"class_list":["post-24663","post","type-post","status-publish","format-standard","has-post-thumbnail","","category-haberler-yerel","category-yerel","tag-buhari-iki-ulke-arasinda-saglam-ve-guclu-iliskiler-bulunmaktadir-sam-pakistan-senato-meclisi-baskani-nayyer-huseyin-buhari-pakistan-senato-heyetinin-baskanliginda-bugun-suriye-ziyaretine-ba"],"_links":{"self":[{"href":"https:\/\/archive.sana.sy\/tr\/index.php?rest_route=\/wp\/v2\/posts\/24663","targetHints":{"allow":["GET"]}}],"collection":[{"href":"https:\/\/archive.sana.sy\/tr\/index.php?rest_route=\/wp\/v2\/posts"}],"about":[{"href":"https:\/\/archive.sana.sy\/tr\/index.php?rest_route=\/wp\/v2\/types\/post"}],"author":[{"embeddable":true,"href":"https:\/\/archive.sana.sy\/tr\/index.php?rest_route=\/wp\/v2\/users\/1"}],"replies":[{"embeddable":true,"href":"https:\/\/archive.sana.sy\/tr\/index.php?rest_route=%2Fwp%2Fv2%2Fcomments&post=24663"}],"version-history":[{"count":0,"href":"https:\/\/archive.sana.sy\/tr\/index.php?rest_route=\/wp\/v2\/posts\/24663\/revisions"}],"wp:featuredmedia":[{"embeddable":true,"href":"https:\/\/archive.sana.sy\/tr\/index.php?rest_route=\/wp\/v2\/media\/24664"}],"wp:attachment":[{"href":"https:\/\/archive.sana.sy\/tr\/index.php?rest_route=%2Fwp%2Fv2%2Fmedia&parent=24663"}],"wp:term":[{"taxonomy":"category","embeddable":true,"href":"https:\/\/archive.sana.sy\/tr\/index.php?rest_route=%2Fwp%2Fv2%2Fcategories&post=24663"},{"taxonomy":"post_tag","embeddable":true,"href":"https:\/\/archive.sana.sy\/tr\/index.php?rest_route=%2Fwp%2Fv2%2Ftags&post=24663"}],"curies":[{"name":"wp","href":"https:\/\/api.w.org\/{rel}","templated":true}]}}