{"id":246649,"date":"2021-11-28T15:57:31","date_gmt":"2021-11-28T13:57:31","guid":{"rendered":"http:\/\/107.6.182.27\/tr\/?p=246649"},"modified":"2021-12-01T08:29:19","modified_gmt":"2021-12-01T06:29:19","slug":"kamisli-halki-dsg-milislerinin-resit-olmayan-kizlari-saflarina-almalarini-protesto-etti","status":"publish","type":"post","link":"https:\/\/archive.sana.sy\/tr\/?p=246649","title":{"rendered":"Kam\u0131\u015fl\u0131 Halk\u0131, \u201cDSG\u201d Milislerinin Re\u015fit Olmayan K\u0131zlar\u0131 Saflar\u0131na Almalar\u0131n\u0131 Protesto Etti"},"content":{"rendered":"<p>HASEKE \u2013 ABD destekli \u201cDSG\u201d milisleri taraf\u0131ndan re\u015fit olmayan k\u0131zlar\u0131 saflar\u0131nda sava\u015fmak i\u00e7in kamplar\u0131na getirilmesini k\u0131namak i\u00e7in Kam\u0131\u015fl\u0131 ve Amuda \u015fehirlerinden onlarca ki\u015fi, UNICEF&#8217;in Kam\u0131\u015fl\u0131&#8217;daki Turist Caddesi&#8217;ndeki binas\u0131n\u0131n \u00f6n\u00fcnde protesto eylemi d\u00fczenledi.<\/p>\n<p>Yerel kaynaklar SANA muhabirine verdi\u011fi deme\u00e7te, \u201cDSG\u201d milislerinin, zaman zaman kendilerine sunulan y\u00f6ntemler, hileler ve ayartmalarla, di\u011fer zamanlarda da zorlama yoluyla, ya\u015f\u0131na ra\u011fmen\u00a0 ve ebeveynlerinin r\u0131zas\u0131 olmadan k\u0131zlar\u0131 kendi saflar\u0131na \u00e7ekmeye ve onlar\u0131 kamplar\u0131nda silah ta\u015f\u0131maya ve sava\u015fmaya haz\u0131rlamaya \u00e7al\u0131\u015ft\u0131klar\u0131n\u0131 \u00a0s\u00f6yledi. Bu da, uluslararas\u0131 yasalar\u0131 ve \u00e7ocuk ve kad\u0131n haklar\u0131n\u0131 dikkate almadan onlar\u0131 e\u011fitimden veya toplumlar\u0131 ve aileleri aras\u0131ndaki normal ya\u015famlar\u0131n\u0131n prati\u011finden mahrum b\u0131rak\u0131yor.<\/p>\n<p>Protesto eylemine kat\u0131lanlar, kat\u0131l\u0131m\u0131n son zamanlarda Kam\u0131\u015fl\u0131 ve Amuda iki \u015fehrinden re\u015fit olmayan 4 k\u0131z\u0131n \u201cDSG\u201d saflar\u0131na dahil edilmesinin nedeniyle d\u00fczenlendi\u011fine i\u015faret etti.<\/p>\n<p>P.M.<\/p>\n","protected":false},"excerpt":{"rendered":"<p>HASEKE \u2013 ABD destekli \u201cDSG\u201d milisleri taraf\u0131ndan re\u015fit olmayan k\u0131zlar\u0131 saflar\u0131nda sava\u015fmak i\u00e7in kamplar\u0131na getirilmesini k\u0131namak i\u00e7in Kam\u0131\u015fl\u0131 ve Amuda \u015fehirlerinden onlarca ki\u015fi, UNICEF&#8217;in Kam\u0131\u015fl\u0131&#8217;daki Turist Caddesi&#8217;ndeki binas\u0131n\u0131n \u00f6n\u00fcnde protesto eylemi d\u00fczenledi. Yerel kaynaklar SANA muhabirine verdi\u011fi deme\u00e7te, \u201cDSG\u201d milislerinin, zaman zaman kendilerine sunulan y\u00f6ntemler, hileler ve ayartmalarla, di\u011fer zamanlarda da zorlama yoluyla, ya\u015f\u0131na ra\u011fmen\u00a0 &hellip;<\/p>\n","protected":false},"author":1,"featured_media":246653,"comment_status":"closed","ping_status":"closed","sticky":false,"template":"","format":"standard","meta":{"footnotes":""},"categories":[479,575,17988,478],"tags":[],"class_list":["post-246649","post","type-post","status-publish","format-standard","has-post-thumbnail","","category-haberler-yerel","category-olaylar-ve-gercekler","category-son-haberler","category-yerel"],"_links":{"self":[{"href":"https:\/\/archive.sana.sy\/tr\/index.php?rest_route=\/wp\/v2\/posts\/246649","targetHints":{"allow":["GET"]}}],"collection":[{"href":"https:\/\/archive.sana.sy\/tr\/index.php?rest_route=\/wp\/v2\/posts"}],"about":[{"href":"https:\/\/archive.sana.sy\/tr\/index.php?rest_route=\/wp\/v2\/types\/post"}],"author":[{"embeddable":true,"href":"https:\/\/archive.sana.sy\/tr\/index.php?rest_route=\/wp\/v2\/users\/1"}],"replies":[{"embeddable":true,"href":"https:\/\/archive.sana.sy\/tr\/index.php?rest_route=%2Fwp%2Fv2%2Fcomments&post=246649"}],"version-history":[{"count":0,"href":"https:\/\/archive.sana.sy\/tr\/index.php?rest_route=\/wp\/v2\/posts\/246649\/revisions"}],"wp:featuredmedia":[{"embeddable":true,"href":"https:\/\/archive.sana.sy\/tr\/index.php?rest_route=\/wp\/v2\/media\/246653"}],"wp:attachment":[{"href":"https:\/\/archive.sana.sy\/tr\/index.php?rest_route=%2Fwp%2Fv2%2Fmedia&parent=246649"}],"wp:term":[{"taxonomy":"category","embeddable":true,"href":"https:\/\/archive.sana.sy\/tr\/index.php?rest_route=%2Fwp%2Fv2%2Fcategories&post=246649"},{"taxonomy":"post_tag","embeddable":true,"href":"https:\/\/archive.sana.sy\/tr\/index.php?rest_route=%2Fwp%2Fv2%2Ftags&post=246649"}],"curies":[{"name":"wp","href":"https:\/\/api.w.org\/{rel}","templated":true}]}}