{"id":246652,"date":"2021-11-28T15:58:49","date_gmt":"2021-11-28T13:58:49","guid":{"rendered":"http:\/\/107.6.182.27\/tr\/?p=246652"},"modified":"2021-12-01T08:29:30","modified_gmt":"2021-12-01T06:29:30","slug":"100-kamyon-ve-tanker-rmeylandaki-abd-isgal-ussune-girdi","status":"publish","type":"post","link":"https:\/\/archive.sana.sy\/tr\/?p=246652","title":{"rendered":"100 Kamyon ve Tanker Rmeylan&#8217;daki ABD \u0130\u015fgal \u00dcss\u00fcne Girdi"},"content":{"rendered":"<p>HASEKE \u2013 Amerikan i\u015fgal g\u00fc\u00e7leri, Haseke k\u0131rsal\u0131ndaki askeri \u00fcslerini desteklemek i\u00e7in Irak topraklar\u0131ndan gelen lojistik malzemeleri ta\u015f\u0131yan 100 t\u0131r ve tanker getirdi.<\/p>\n<p>B\u00f6lge kaynaklar\u0131 SANA muhabirine yapt\u0131klar\u0131n\u0131 a\u00e7\u0131klamada, \u201cKonteyner, frigorifik kamyon ve tanker y\u00fckl\u00fc 100 tankerden olu\u015fan bir konvoy, ilki 60 ara\u00e7 olmak \u00fczere iki grup halinde yasad\u0131\u015f\u0131 el Velid ge\u00e7idinden Irak topraklar\u0131ndan girdi. \u0130ki saat sonra, askeri z\u0131rhl\u0131 ara\u00e7lar\u0131n e\u015flik etti\u011fi 40 ara\u00e7, Suwayda istasyonundan Kam\u0131\u015fl\u0131&#8217;n\u0131n yakla\u015f\u0131k 68 km do\u011fusundaki Rmelan kasabas\u0131na do\u011fru yola \u00e7\u0131kt\u0131\u201d dedi.<\/p>\n<p>P.M.<\/p>\n","protected":false},"excerpt":{"rendered":"<p>HASEKE \u2013 Amerikan i\u015fgal g\u00fc\u00e7leri, Haseke k\u0131rsal\u0131ndaki askeri \u00fcslerini desteklemek i\u00e7in Irak topraklar\u0131ndan gelen lojistik malzemeleri ta\u015f\u0131yan 100 t\u0131r ve tanker getirdi. B\u00f6lge kaynaklar\u0131 SANA muhabirine yapt\u0131klar\u0131n\u0131 a\u00e7\u0131klamada, \u201cKonteyner, frigorifik kamyon ve tanker y\u00fckl\u00fc 100 tankerden olu\u015fan bir konvoy, ilki 60 ara\u00e7 olmak \u00fczere iki grup halinde yasad\u0131\u015f\u0131 el Velid ge\u00e7idinden Irak topraklar\u0131ndan girdi. \u0130ki &hellip;<\/p>\n","protected":false},"author":1,"featured_media":246655,"comment_status":"closed","ping_status":"closed","sticky":false,"template":"","format":"standard","meta":{"footnotes":""},"categories":[479,575,17988,478],"tags":[],"class_list":["post-246652","post","type-post","status-publish","format-standard","has-post-thumbnail","","category-haberler-yerel","category-olaylar-ve-gercekler","category-son-haberler","category-yerel"],"_links":{"self":[{"href":"https:\/\/archive.sana.sy\/tr\/index.php?rest_route=\/wp\/v2\/posts\/246652","targetHints":{"allow":["GET"]}}],"collection":[{"href":"https:\/\/archive.sana.sy\/tr\/index.php?rest_route=\/wp\/v2\/posts"}],"about":[{"href":"https:\/\/archive.sana.sy\/tr\/index.php?rest_route=\/wp\/v2\/types\/post"}],"author":[{"embeddable":true,"href":"https:\/\/archive.sana.sy\/tr\/index.php?rest_route=\/wp\/v2\/users\/1"}],"replies":[{"embeddable":true,"href":"https:\/\/archive.sana.sy\/tr\/index.php?rest_route=%2Fwp%2Fv2%2Fcomments&post=246652"}],"version-history":[{"count":0,"href":"https:\/\/archive.sana.sy\/tr\/index.php?rest_route=\/wp\/v2\/posts\/246652\/revisions"}],"wp:featuredmedia":[{"embeddable":true,"href":"https:\/\/archive.sana.sy\/tr\/index.php?rest_route=\/wp\/v2\/media\/246655"}],"wp:attachment":[{"href":"https:\/\/archive.sana.sy\/tr\/index.php?rest_route=%2Fwp%2Fv2%2Fmedia&parent=246652"}],"wp:term":[{"taxonomy":"category","embeddable":true,"href":"https:\/\/archive.sana.sy\/tr\/index.php?rest_route=%2Fwp%2Fv2%2Fcategories&post=246652"},{"taxonomy":"post_tag","embeddable":true,"href":"https:\/\/archive.sana.sy\/tr\/index.php?rest_route=%2Fwp%2Fv2%2Ftags&post=246652"}],"curies":[{"name":"wp","href":"https:\/\/api.w.org\/{rel}","templated":true}]}}