{"id":246657,"date":"2021-11-28T19:30:16","date_gmt":"2021-11-28T17:30:16","guid":{"rendered":"http:\/\/107.6.182.27\/tr\/?p=246657"},"modified":"2021-12-01T08:29:58","modified_gmt":"2021-12-01T06:29:58","slug":"cumhurbaskani-esaddan-yenilenebilir-enerji-projelerinden-elektrik-alimina-izin-veren-kanun","status":"publish","type":"post","link":"https:\/\/archive.sana.sy\/tr\/?p=246657","title":{"rendered":"Cumhurba\u015fkan\u0131 Esad&#8217;dan Yenilenebilir Enerji Projelerinden Elektrik Al\u0131m\u0131na \u0130zin Veren Kanun"},"content":{"rendered":"<p style=\"text-align: justify;\">\u015eAM \u2013 2030 y\u0131l\u0131na kadar yenilenebilir enerji stratejisinin uygulanmas\u0131nda yard\u0131mc\u0131 olacak, Elektrik Genel Kurumunu elektri\u011fi iletim ve da\u011f\u0131t\u0131m\u0131na olanak tan\u0131yacak elektrik \u00fcretiminde yenilenebilir b\u00fcy\u00fck projeleri te\u015fvik amac\u0131yla, say\u0131n Cumhurba\u015fkan\u0131 Be\u015f\u015far Esad bug\u00fcn, iletim veya da\u011f\u0131t\u0131m \u015febekesine ba\u011flanabilen yenilenebilir enerji projelerinden \u00fcretilen elektri\u011fin, teknik imkanlar\u0131n mevcut olmas\u0131 halinde sat\u0131n al\u0131nmas\u0131na izin veren 2021 y\u0131l\u0131 32 say\u0131l\u0131 Kanun&#8217;u \u00e7\u0131kard\u0131.<\/p>\n","protected":false},"excerpt":{"rendered":"<p>\u015eAM \u2013 2030 y\u0131l\u0131na kadar yenilenebilir enerji stratejisinin uygulanmas\u0131nda yard\u0131mc\u0131 olacak, Elektrik Genel Kurumunu elektri\u011fi iletim ve da\u011f\u0131t\u0131m\u0131na olanak tan\u0131yacak elektrik \u00fcretiminde yenilenebilir b\u00fcy\u00fck projeleri te\u015fvik amac\u0131yla, say\u0131n Cumhurba\u015fkan\u0131 Be\u015f\u015far Esad bug\u00fcn, iletim veya da\u011f\u0131t\u0131m \u015febekesine ba\u011flanabilen yenilenebilir enerji projelerinden \u00fcretilen elektri\u011fin, teknik imkanlar\u0131n mevcut olmas\u0131 halinde sat\u0131n al\u0131nmas\u0131na izin veren 2021 y\u0131l\u0131 32 say\u0131l\u0131 &hellip;<\/p>\n","protected":false},"author":1,"featured_media":246658,"comment_status":"closed","ping_status":"closed","sticky":false,"template":"","format":"standard","meta":{"footnotes":""},"categories":[479,605,17988,612,599,478],"tags":[],"class_list":["post-246657","post","type-post","status-publish","format-standard","has-post-thumbnail","","category-haberler-yerel","category-sayin-cumhurbaskani","category-son-haberler","category-yasama-kararnameler","category-yasama-ve-kanunlar","category-yerel"],"_links":{"self":[{"href":"https:\/\/archive.sana.sy\/tr\/index.php?rest_route=\/wp\/v2\/posts\/246657","targetHints":{"allow":["GET"]}}],"collection":[{"href":"https:\/\/archive.sana.sy\/tr\/index.php?rest_route=\/wp\/v2\/posts"}],"about":[{"href":"https:\/\/archive.sana.sy\/tr\/index.php?rest_route=\/wp\/v2\/types\/post"}],"author":[{"embeddable":true,"href":"https:\/\/archive.sana.sy\/tr\/index.php?rest_route=\/wp\/v2\/users\/1"}],"replies":[{"embeddable":true,"href":"https:\/\/archive.sana.sy\/tr\/index.php?rest_route=%2Fwp%2Fv2%2Fcomments&post=246657"}],"version-history":[{"count":0,"href":"https:\/\/archive.sana.sy\/tr\/index.php?rest_route=\/wp\/v2\/posts\/246657\/revisions"}],"wp:featuredmedia":[{"embeddable":true,"href":"https:\/\/archive.sana.sy\/tr\/index.php?rest_route=\/wp\/v2\/media\/246658"}],"wp:attachment":[{"href":"https:\/\/archive.sana.sy\/tr\/index.php?rest_route=%2Fwp%2Fv2%2Fmedia&parent=246657"}],"wp:term":[{"taxonomy":"category","embeddable":true,"href":"https:\/\/archive.sana.sy\/tr\/index.php?rest_route=%2Fwp%2Fv2%2Fcategories&post=246657"},{"taxonomy":"post_tag","embeddable":true,"href":"https:\/\/archive.sana.sy\/tr\/index.php?rest_route=%2Fwp%2Fv2%2Ftags&post=246657"}],"curies":[{"name":"wp","href":"https:\/\/api.w.org\/{rel}","templated":true}]}}