{"id":246664,"date":"2021-11-29T11:35:02","date_gmt":"2021-11-29T09:35:02","guid":{"rendered":"http:\/\/107.6.182.27\/tr\/?p=246664"},"modified":"2021-12-01T08:30:29","modified_gmt":"2021-12-01T06:30:29","slug":"isgalci-turk-gucleri-ve-kiraliklari-halepin-kuzeyindeki-koyleri-bombaladi","status":"publish","type":"post","link":"https:\/\/archive.sana.sy\/tr\/?p=246664","title":{"rendered":"\u0130\u015fgalci T\u00fcrk G\u00fc\u00e7leri ve Kiral\u0131klar\u0131 Halep\u2019in Kuzeyindeki K\u00f6yleri Bombalad\u0131"},"content":{"rendered":"<p style=\"text-align: justify;\">HALEP \u2013 \u0130\u015fgalci T\u00fcrk g\u00fc\u00e7leri ve onlara tabi ter\u00f6r \u00f6rg\u00fctlerinden olu\u015fan kiral\u0131klar\u0131 Halep k\u0131rsal\u0131n\u0131n kuzeyindeki g\u00fcvenli belde ve k\u00f6ylerindeki sivil yerle\u015fim alanlar\u0131na y\u00f6nelik bombard\u0131man\u0131 yeniledi.<\/p>\n<p style=\"text-align: justify;\">Yerel kaynaklar SANA muhabirine, i\u015fgalci T\u00fcrk g\u00fc\u00e7lerinin ve kiral\u0131klar\u0131n\u0131n bug\u00fcn Halep k\u0131rsal\u0131n\u0131n kuzeyindeki Maarnaz ve Ayn Dakne k\u00f6ylerine y\u00f6nelik f\u00fcze mermeleriyle bombalad\u0131klar\u0131n\u0131 belirtti. Kaynaklar, ger\u00e7ekle\u015ftirilen bombard\u0131man sonucunda sivil yerle\u015fim binalar\u0131nda ve Tar\u0131msal \u00fcr\u00fcnlerlerde maddi hasarlara yol a\u00e7\u0131ld\u0131\u011f\u0131na i\u015faret etti.<\/p>\n<p style=\"text-align: justify;\">P.M.<\/p>\n","protected":false},"excerpt":{"rendered":"<p>HALEP \u2013 \u0130\u015fgalci T\u00fcrk g\u00fc\u00e7leri ve onlara tabi ter\u00f6r \u00f6rg\u00fctlerinden olu\u015fan kiral\u0131klar\u0131 Halep k\u0131rsal\u0131n\u0131n kuzeyindeki g\u00fcvenli belde ve k\u00f6ylerindeki sivil yerle\u015fim alanlar\u0131na y\u00f6nelik bombard\u0131man\u0131 yeniledi. Yerel kaynaklar SANA muhabirine, i\u015fgalci T\u00fcrk g\u00fc\u00e7lerinin ve kiral\u0131klar\u0131n\u0131n bug\u00fcn Halep k\u0131rsal\u0131n\u0131n kuzeyindeki Maarnaz ve Ayn Dakne k\u00f6ylerine y\u00f6nelik f\u00fcze mermeleriyle bombalad\u0131klar\u0131n\u0131 belirtti. Kaynaklar, ger\u00e7ekle\u015ftirilen bombard\u0131man sonucunda sivil yerle\u015fim binalar\u0131nda &hellip;<\/p>\n","protected":false},"author":1,"featured_media":246665,"comment_status":"closed","ping_status":"closed","sticky":false,"template":"","format":"standard","meta":{"footnotes":""},"categories":[479,575,17988,2554,2555,478],"tags":[],"class_list":["post-246664","post","type-post","status-publish","format-standard","has-post-thumbnail","","category-haberler-yerel","category-olaylar-ve-gercekler","category-son-haberler","category-suriye-ve-dunya","category-suriye-ve-turkiye","category-yerel"],"_links":{"self":[{"href":"https:\/\/archive.sana.sy\/tr\/index.php?rest_route=\/wp\/v2\/posts\/246664","targetHints":{"allow":["GET"]}}],"collection":[{"href":"https:\/\/archive.sana.sy\/tr\/index.php?rest_route=\/wp\/v2\/posts"}],"about":[{"href":"https:\/\/archive.sana.sy\/tr\/index.php?rest_route=\/wp\/v2\/types\/post"}],"author":[{"embeddable":true,"href":"https:\/\/archive.sana.sy\/tr\/index.php?rest_route=\/wp\/v2\/users\/1"}],"replies":[{"embeddable":true,"href":"https:\/\/archive.sana.sy\/tr\/index.php?rest_route=%2Fwp%2Fv2%2Fcomments&post=246664"}],"version-history":[{"count":0,"href":"https:\/\/archive.sana.sy\/tr\/index.php?rest_route=\/wp\/v2\/posts\/246664\/revisions"}],"wp:featuredmedia":[{"embeddable":true,"href":"https:\/\/archive.sana.sy\/tr\/index.php?rest_route=\/wp\/v2\/media\/246665"}],"wp:attachment":[{"href":"https:\/\/archive.sana.sy\/tr\/index.php?rest_route=%2Fwp%2Fv2%2Fmedia&parent=246664"}],"wp:term":[{"taxonomy":"category","embeddable":true,"href":"https:\/\/archive.sana.sy\/tr\/index.php?rest_route=%2Fwp%2Fv2%2Fcategories&post=246664"},{"taxonomy":"post_tag","embeddable":true,"href":"https:\/\/archive.sana.sy\/tr\/index.php?rest_route=%2Fwp%2Fv2%2Ftags&post=246664"}],"curies":[{"name":"wp","href":"https:\/\/api.w.org\/{rel}","templated":true}]}}