{"id":24668,"date":"2015-02-23T16:50:52","date_gmt":"2015-02-23T14:50:52","guid":{"rendered":"http:\/\/www.sana.sy\/tr\/?p=24668"},"modified":"2015-02-24T13:33:56","modified_gmt":"2015-02-24T11:33:56","slug":"muallim-hindistanli-heyeti-kabul-etti","status":"publish","type":"post","link":"https:\/\/archive.sana.sy\/tr\/?p=24668","title":{"rendered":"Halaki ve Muallim Hindistanl\u0131 Heyeti Kabul Etti"},"content":{"rendered":"<p>\u015eAM \u2013 Ba\u015fbakan Vail el Halaki Hindistan D\u0131\u015fi\u015fleri Bakanl\u0131\u011f\u0131nda Bat\u0131 Asya ve Kuzey Afrika Departman\u0131 Direkt\u00f6r\u00fc Sandeep Kumar ve ona e\u015flik eden heyeti kabul etti.<\/p>\n<p>G\u00f6r\u00fc\u015fmede Halaki Suriye h\u00fck\u00fcmetinin ba\u015fta Hindistan olmak \u00fczere dost ve karde\u015f devletlerle ili\u015fkilerini muhtelif alanlarda geli\u015ftirme iste\u011fi ve \u00f6zenini ifade etti.<\/p>\n<p>Hindistanl\u0131 i\u015fadamlar\u0131 ve \u015firketleri Suriye&#8217;de kalk\u0131nsal ve hizmet alanlar\u0131ndaki yat\u0131r\u0131mlar\u0131n\u0131 peki\u015ftirmelerine davet eden Halaki; yeniden yap\u0131lanma ve sabote edilen fabrikalar\u0131n onar\u0131lmas\u0131ndaki \u00e7al\u0131\u015fmalar\u0131n\u0131 peki\u015ftirmelerine \u00e7a\u011f\u0131rd\u0131.<\/p>\n<p>Ba\u015fbakan Halaki ter\u00f6rle m\u00fccadele konusunda da d\u00fcnya devletlerinin Suriye ile i\u015fbirli\u011fi i\u00e7inde olmalar\u0131yla birlikte ter\u00f6r\u00fc destekleyen devletlere bu desteklerini kesmelerine zorlamalar\u0131 \u00f6neminin alt\u0131n\u0131 \u00e7izdi.<\/p>\n<p>G\u00f6r\u00fc\u015fmede Kumar Hindistan\u2019\u0131n Suriye ile i\u015fbirli\u011fi ve ortak \u00e7al\u0131\u015fmalar\u0131n\u0131 muhtelif alanlarda geni\u015fletmekle birlikte maruz kald\u0131\u011f\u0131 ter\u00f6r sald\u0131r\u0131lar\u0131 kar\u015f\u0131s\u0131nda Suriye halk\u0131n\u0131n ac\u0131lar\u0131n\u0131 hafifletme arzusunda oldu\u011funun alt\u0131n\u0131 \u00e7izdi.<\/p>\n<p><span style=\"color: #0000ff\">Muallim ve Mikdat Hindistanl\u0131 Heyeti Kabul Etti<\/span><\/p>\n<p>Bu arada Ba\u015fbakan Yard\u0131mc\u0131s\u0131 D\u0131\u015fi\u015fleri ve Gurbet\u00e7iler Bakan\u0131 Velid el Muallim bug\u00fcn sabah saatlerinde Hindistan D\u0131\u015fi\u015fleri Bakanl\u0131\u011f\u0131nda Bat\u0131 Asya ve Kuzey Afrika Departman\u0131 Direkt\u00f6r\u00fc Sandeep Kumar ve ona e\u015flik eden heyeti kabul etti.<\/p>\n<p>\u0130ki \u00fclke aras\u0131ndaki ili\u015fkiler ve bu ili\u015fkileri muhtelif alanlarda geli\u015ftirme olanaklar\u0131n\u0131n masaya yat\u0131r\u0131ld\u0131\u011f\u0131 oturumda Muallim; Suriye&#8217;nin maruz kald\u0131\u011f\u0131 sistematik ter\u00f6re \u0131\u015f\u0131k tuttu.<\/p>\n<p><a href=\"http:\/\/www.sana.sy\/tr\/wp-content\/uploads\/2015\/02\/Muallim-21.jpg\"><img loading=\"lazy\" decoding=\"async\" class=\"alignright wp-image-24670 size-medium\" src=\"http:\/\/www.sana.sy\/tr\/wp-content\/uploads\/2015\/02\/Muallim-21-300x179.jpg\" alt=\"Muallim 2\" width=\"300\" height=\"179\" srcset=\"https:\/\/archive.sana.sy\/tr\/wp-content\/uploads\/2015\/02\/Muallim-21-300x179.jpg 300w, https:\/\/archive.sana.sy\/tr\/wp-content\/uploads\/2015\/02\/Muallim-21-150x89.jpg 150w, https:\/\/archive.sana.sy\/tr\/wp-content\/uploads\/2015\/02\/Muallim-21-1024x610.jpg 1024w\" sizes=\"auto, (max-width: 300px) 100vw, 300px\" \/><\/a>Muallim uluslar aras\u0131 bar\u0131\u015f ve g\u00fcvenli\u011fin korunmas\u0131nda b\u00f6lgesel ve evrensel \u00e7abalar\u0131n yo\u011funla\u015ft\u0131r\u0131l\u0131p birle\u015ftirilmesi \u00f6neminin alt\u0131n\u0131 \u00e7izerken, G\u00fcvenlik Konseyinin ter\u00f6rle m\u00fccadele ve kaynaklar\u0131n\u0131n kurutulmas\u0131na ili\u015fkin kararlara sayg\u0131 duyulmas\u0131 gere\u011fini belirtti.<\/p>\n<p>Kumar Hindistan\u2019\u0131n ba\u011f\u0131ms\u0131z ve egemen devletlerin i\u00e7i\u015flerine herhangi bir m\u00fcdahaleye kar\u015f\u0131 tutumunu bir kez daha ifade etti. Ter\u00f6r\u00fcn \u00e7ok say\u0131da devletin endi\u015fe kayna\u011f\u0131 oldu\u011fu y\u00f6n\u00fcnde \u00fclkesinin kanaatini ifade eden Kumar, ter\u00f6re kar\u015f\u0131 m\u00fccadelede uluslar aras\u0131 \u00e7abalar\u0131n birle\u015ftirilip yo\u011funla\u015ft\u0131r\u0131lmas\u0131n\u0131n ka\u00e7\u0131n\u0131lmaz bir hal ald\u0131\u011f\u0131n\u0131 belirtti.<\/p>\n<p>Kumar Hindistan\u2019\u0131n; Suriye&#8217;de Suriye halk\u0131n\u0131n ac\u0131lar\u0131na son verecek siyasi \u00e7\u00f6z\u00fcm\u00fc destekledi\u011fini ifade etti.<\/p>\n<p>Daha sonra D\u0131\u015fi\u015fleri ve Gurbet\u00e7iler Bakan\u0131 Yard\u0131mc\u0131s\u0131 Faysal Mikdat Hindistanl\u0131 heyet ile bir araya gelerek yeniden imar, ekonomi, sa\u011fl\u0131k, k\u00fclt\u00fcr ve bilimsel ili\u015fkileri geli\u015ftirme olanaklar\u0131n\u0131 masaya yat\u0131rd\u0131.<\/p>\n<p>A.A.<\/p>\n","protected":false},"excerpt":{"rendered":"<p>\u015eAM \u2013 Ba\u015fbakan Vail el Halaki Hindistan D\u0131\u015fi\u015fleri Bakanl\u0131\u011f\u0131nda Bat\u0131 Asya ve Kuzey Afrika Departman\u0131 Direkt\u00f6r\u00fc Sandeep Kumar ve ona e\u015flik eden heyeti kabul etti. G\u00f6r\u00fc\u015fmede Halaki Suriye h\u00fck\u00fcmetinin ba\u015fta Hindistan olmak \u00fczere dost ve karde\u015f devletlerle ili\u015fkilerini muhtelif alanlarda geli\u015ftirme iste\u011fi ve \u00f6zenini ifade etti. Hindistanl\u0131 i\u015fadamlar\u0131 ve \u015firketleri Suriye&#8217;de kalk\u0131nsal ve hizmet alanlar\u0131ndaki &hellip;<\/p>\n","protected":false},"author":1,"featured_media":24681,"comment_status":"closed","ping_status":"closed","sticky":false,"template":"","format":"standard","meta":{"footnotes":""},"categories":[479,478],"tags":[11785,11784,11775],"class_list":["post-24668","post","type-post","status-publish","format-standard","has-post-thumbnail","","category-haberler-yerel","category-yerel","tag-gorusmede-halaki-suriye-hukumetinin-basta-hindistan-olmak-uzere-dost-ve-kardes-devletlerle-iliskilerini-muhtelif-alanlarda-gelistirme-istegi-ve-ozenini-ifade-etti","tag-sam-basbakan-vail-el-halaki-hindistan-disisleri-bakanliginda-bati-asya-ve-kuzey-afrika-departmani-direktoru-sandeep-kumar-ve-ona-eslik-eden-heyeti-kabul-etti","tag-sam-basbakan-yardimcisi-disisleri-ve-gurbetciler-bakani-velid-el-muallim-bugun-sabah-saatlerinde-hindistan-disisleri-bakanliginda-bati-asya-ve-kuzey-afrika-departmani-direktoru-sandeep-kumar"],"_links":{"self":[{"href":"https:\/\/archive.sana.sy\/tr\/index.php?rest_route=\/wp\/v2\/posts\/24668","targetHints":{"allow":["GET"]}}],"collection":[{"href":"https:\/\/archive.sana.sy\/tr\/index.php?rest_route=\/wp\/v2\/posts"}],"about":[{"href":"https:\/\/archive.sana.sy\/tr\/index.php?rest_route=\/wp\/v2\/types\/post"}],"author":[{"embeddable":true,"href":"https:\/\/archive.sana.sy\/tr\/index.php?rest_route=\/wp\/v2\/users\/1"}],"replies":[{"embeddable":true,"href":"https:\/\/archive.sana.sy\/tr\/index.php?rest_route=%2Fwp%2Fv2%2Fcomments&post=24668"}],"version-history":[{"count":0,"href":"https:\/\/archive.sana.sy\/tr\/index.php?rest_route=\/wp\/v2\/posts\/24668\/revisions"}],"wp:featuredmedia":[{"embeddable":true,"href":"https:\/\/archive.sana.sy\/tr\/index.php?rest_route=\/wp\/v2\/media\/24681"}],"wp:attachment":[{"href":"https:\/\/archive.sana.sy\/tr\/index.php?rest_route=%2Fwp%2Fv2%2Fmedia&parent=24668"}],"wp:term":[{"taxonomy":"category","embeddable":true,"href":"https:\/\/archive.sana.sy\/tr\/index.php?rest_route=%2Fwp%2Fv2%2Fcategories&post=24668"},{"taxonomy":"post_tag","embeddable":true,"href":"https:\/\/archive.sana.sy\/tr\/index.php?rest_route=%2Fwp%2Fv2%2Ftags&post=24668"}],"curies":[{"name":"wp","href":"https:\/\/api.w.org\/{rel}","templated":true}]}}