{"id":24672,"date":"2015-02-23T15:26:51","date_gmt":"2015-02-23T13:26:51","guid":{"rendered":"http:\/\/www.sana.sy\/tr\/?p=24672"},"modified":"2015-02-23T15:26:51","modified_gmt":"2015-02-23T13:26:51","slug":"teroristler-belediye-baskanina-suikast-duzenledi","status":"publish","type":"post","link":"https:\/\/archive.sana.sy\/tr\/?p=24672","title":{"rendered":"Ter\u00f6ristler Belediye Ba\u015fkan\u0131na Suikast D\u00fczenledi"},"content":{"rendered":"<p>\u015eAM KIRSALI \u2013 Eli kanl\u0131 gaddar ter\u00f6ristler bug\u00fcn \u015eam k\u0131rsal\u0131n\u0131n bat\u0131s\u0131nda Suvk Vadi Berada B\u00f6lgesinde Belediye Ba\u015fkan\u0131 \u0130yyad Abbas\u2019a suikast d\u00fczenledi.<\/p>\n<p>Emniyet M\u00fcd\u00fcrl\u00fc\u011f\u00fcnde bir kaynak; araba kullanan y\u00fczleri maskeli ter\u00f6ristlerin belediye binas\u0131 \u00f6n\u00fcnde Abbas\u2019a ate\u015f a\u00e7malar\u0131yla derhal olay yerinde \u015fehit oldu\u011funu belirtti.<\/p>\n<p>A.A. &#8211; M.M.<\/p>\n","protected":false},"excerpt":{"rendered":"<p>\u015eAM KIRSALI \u2013 Eli kanl\u0131 gaddar ter\u00f6ristler bug\u00fcn \u015eam k\u0131rsal\u0131n\u0131n bat\u0131s\u0131nda Suvk Vadi Berada B\u00f6lgesinde Belediye Ba\u015fkan\u0131 \u0130yyad Abbas\u2019a suikast d\u00fczenledi. Emniyet M\u00fcd\u00fcrl\u00fc\u011f\u00fcnde bir kaynak; araba kullanan y\u00fczleri maskeli ter\u00f6ristlerin belediye binas\u0131 \u00f6n\u00fcnde Abbas\u2019a ate\u015f a\u00e7malar\u0131yla derhal olay yerinde \u015fehit oldu\u011funu belirtti. A.A. &#8211; M.M.<\/p>\n","protected":false},"author":1,"featured_media":24673,"comment_status":"closed","ping_status":"closed","sticky":false,"template":"","format":"standard","meta":{"footnotes":""},"categories":[479,575,478],"tags":[11777,11776],"class_list":["post-24672","post","type-post","status-publish","format-standard","has-post-thumbnail","","category-haberler-yerel","category-olaylar-ve-gercekler","category-yerel","tag-sam-kirsali-eli-kanli-gaddar-teroristler-bugun-sam-kirsalinin-batisinda-suvk-vadi-berada-bolgesinde-belediye-baskani-iyyad-abbasa-suikast-duzenledi","tag-teroristler-belediye-baskanina-suikast-duzenledi"],"_links":{"self":[{"href":"https:\/\/archive.sana.sy\/tr\/index.php?rest_route=\/wp\/v2\/posts\/24672","targetHints":{"allow":["GET"]}}],"collection":[{"href":"https:\/\/archive.sana.sy\/tr\/index.php?rest_route=\/wp\/v2\/posts"}],"about":[{"href":"https:\/\/archive.sana.sy\/tr\/index.php?rest_route=\/wp\/v2\/types\/post"}],"author":[{"embeddable":true,"href":"https:\/\/archive.sana.sy\/tr\/index.php?rest_route=\/wp\/v2\/users\/1"}],"replies":[{"embeddable":true,"href":"https:\/\/archive.sana.sy\/tr\/index.php?rest_route=%2Fwp%2Fv2%2Fcomments&post=24672"}],"version-history":[{"count":0,"href":"https:\/\/archive.sana.sy\/tr\/index.php?rest_route=\/wp\/v2\/posts\/24672\/revisions"}],"wp:featuredmedia":[{"embeddable":true,"href":"https:\/\/archive.sana.sy\/tr\/index.php?rest_route=\/wp\/v2\/media\/24673"}],"wp:attachment":[{"href":"https:\/\/archive.sana.sy\/tr\/index.php?rest_route=%2Fwp%2Fv2%2Fmedia&parent=24672"}],"wp:term":[{"taxonomy":"category","embeddable":true,"href":"https:\/\/archive.sana.sy\/tr\/index.php?rest_route=%2Fwp%2Fv2%2Fcategories&post=24672"},{"taxonomy":"post_tag","embeddable":true,"href":"https:\/\/archive.sana.sy\/tr\/index.php?rest_route=%2Fwp%2Fv2%2Ftags&post=24672"}],"curies":[{"name":"wp","href":"https:\/\/api.w.org\/{rel}","templated":true}]}}