{"id":24677,"date":"2015-02-24T09:31:29","date_gmt":"2015-02-24T07:31:29","guid":{"rendered":"http:\/\/www.sana.sy\/tr\/?p=24677"},"modified":"2015-02-25T10:31:54","modified_gmt":"2015-02-25T08:31:54","slug":"isid-haseke-kirsalinda-turkiyeye-gecit-acma-amaciyla-koy-ve-beldelere-saldirdi","status":"publish","type":"post","link":"https:\/\/archive.sana.sy\/tr\/?p=24677","title":{"rendered":"I\u015e\u0130D Haseke K\u0131rsal\u0131nda T\u00fcrkiye&#8217;ye Ge\u00e7it A\u00e7ma Amac\u0131yla K\u00f6y ve Beldelere Sald\u0131rd\u0131"},"content":{"rendered":"<p>HASEKE \u2013 I\u015e\u0130D ter\u00f6r \u00e7eteleri Haseke k\u0131rsal\u0131n\u0131n bat\u0131s\u0131na d\u00fc\u015fen Tel H\u00fcrm\u00fcz, Tel \u015eamiram, Tel Rumman, Tel Nasra, A\u011fiyb\u015fTuma Yalda ve Havuz k\u00f6y \u2013 beldelere insanl\u0131k d\u0131\u015f\u0131 vah\u015fi ter\u00f6r sald\u0131r\u0131lar\u0131nda bulundu.<\/p>\n<p>SANA\u2019ya konu\u015fan yerel kaynaklara\u011f\u0131r makineli silahlarla donat\u0131lm\u0131\u015f I\u015e\u0130D \u00e7etelerinin Tel Temir Nahiyesine tabi bir dizi k\u00f6y ve beldeye sald\u0131rd\u0131klar\u0131n\u0131 belirtti.<\/p>\n<p>I\u015e\u0130D \u00e7etelerinin sald\u0131r\u0131lar\u0131nda i\u015fledikleri insanl\u0131k d\u0131\u015f\u0131 vah\u015fetleri s\u00f6zlerle anlatman\u0131n m\u00fcmk\u00fcn olmad\u0131\u011f\u0131n\u0131 ifade eden kaynaklar; ya\u011fmalama, kundaklama, y\u0131kma ve katletme eylemleri ard\u0131ndan I\u015e\u0130D \u00e7etelerinin Tel H\u00fcrm\u00fcz ve Tel \u015eamiram b\u00f6lgelerinden 56 sivil vatanda\u015f\u0131 me\u00e7hul bir yere ka\u00e7\u0131rd\u0131klar\u0131n\u0131 belirtti.<\/p>\n<p>Kaynaklar ter\u00f6ristlerin s\u00f6z konusu k\u00f6y ve beldelerde onlarca masum insani vah\u015fice katledip, y\u00fczlerce aileyi evlerinden ve barklar\u0131ndan tehcir ettiklerini ifade etti.<\/p>\n<p>Kaynaklar ter\u00f6ristlerin masum sivil vatanda\u015flara ait onlarca evin yan\u0131 s\u0131ra Suriye&#8217;de en kadim kiliselerden biri say\u0131lan Tel H\u00fcrm\u00fcz Kilisesini de ya\u011fmalay\u0131p ate\u015fe verdiklerini belirtti.<\/p>\n<p><span style=\"color: #0000ff\">Ama\u00e7 Silah ve Ter\u00f6rist Ge\u00e7i\u015fi \u0130\u00e7in T\u00fcrkiye&#8217;ye Ge\u00e7it A\u00e7makt\u0131r<\/span><\/p>\n<p>I\u015e\u0130D \u00e7etelerinin Ras el Ayn Kasabas\u0131na yak\u0131n Tel Temir B\u00f6lgesindeki k\u00f6y ve beldelere sald\u0131r\u0131 amac\u0131n\u0131n silah ve askeri destek i\u00e7in T\u00fcrkiye&#8217;ye ge\u00e7it a\u00e7mak oldu\u011funun alt\u0131n\u0131 \u00e7izen yerel kaynaklar; I\u015e\u0130D ile T\u00fcrkiye&#8217;deki rejim aras\u0131ndaki ba\u011flant\u0131lar ve i\u015fbirli\u011fine vurgu yapt\u0131lar.<\/p>\n<p>Yerel kaynaklar I\u015e\u0130D \u00e7etelerinin Erdo\u011fan rejimi ile koordinasyon ve i\u015fbirli\u011fi i\u00e7inde s\u0131n\u0131rdan silah ve ter\u00f6rist ge\u00e7irdi\u011finin alt\u0131n\u0131 \u00e7izdi.<\/p>\n<p><span style=\"color: #0000ff\">Koalisyon U\u00e7aklar\u0131 Katliamlar\u0131 \u0130zliyordu<\/span><\/p>\n<p>I\u015e\u0130D \u00e7etelerinin b\u00f6lgede bulunduklar\u0131 t\u00fcm vah\u015fetlerin esnas\u0131nda Washington komutas\u0131ndaki uluslar aras\u0131 koalisyon u\u00e7aklar\u0131n\u0131n havada u\u00e7tuklar\u0131na dikkat \u00e7eken yerel kaynaklar, I\u015e\u0130D\u2019in masum sivil vatanda\u015flara, m\u00fclklerine ve ibadet yerlerine kar\u015f\u0131 vah\u015fetinin joalisyon u\u00e7aklar\u0131 taraf\u0131ndan izlendi\u011finin alt\u0131n\u0131 \u00e7izdi.<\/p>\n<p>A.A.<\/p>\n","protected":false},"excerpt":{"rendered":"<p>HASEKE \u2013 I\u015e\u0130D ter\u00f6r \u00e7eteleri Haseke k\u0131rsal\u0131n\u0131n bat\u0131s\u0131na d\u00fc\u015fen Tel H\u00fcrm\u00fcz, Tel \u015eamiram, Tel Rumman, Tel Nasra, A\u011fiyb\u015fTuma Yalda ve Havuz k\u00f6y \u2013 beldelere insanl\u0131k d\u0131\u015f\u0131 vah\u015fi ter\u00f6r sald\u0131r\u0131lar\u0131nda bulundu. SANA\u2019ya konu\u015fan yerel kaynaklara\u011f\u0131r makineli silahlarla donat\u0131lm\u0131\u015f I\u015e\u0130D \u00e7etelerinin Tel Temir Nahiyesine tabi bir dizi k\u00f6y ve beldeye sald\u0131rd\u0131klar\u0131n\u0131 belirtti. I\u015e\u0130D \u00e7etelerinin sald\u0131r\u0131lar\u0131nda i\u015fledikleri insanl\u0131k &hellip;<\/p>\n","protected":false},"author":1,"featured_media":24759,"comment_status":"closed","ping_status":"closed","sticky":false,"template":"","format":"standard","meta":{"footnotes":""},"categories":[575,2554,2555],"tags":[11783,11779,11778,11782,11781,11780],"class_list":["post-24677","post","type-post","status-publish","format-standard","has-post-thumbnail","","category-olaylar-ve-gercekler","category-suriye-ve-dunya","category-suriye-ve-turkiye","tag-agiybstuma-yalda-ve-havuz-koy-beldelere-insanlik-disi-vahsi-teror-saldirilarinda-bulundu","tag-haseke-isid-teror-ceteleri-haseke-kirsalinin-batisina-dusen-tel-hurmuz","tag-isid-haseke-kirsalinda-turkiyeye-gecit-acma-amaciyla-koy-ve-beldelere-saldirdi","tag-tel-nasra","tag-tel-rumman","tag-tel-samiram"],"_links":{"self":[{"href":"https:\/\/archive.sana.sy\/tr\/index.php?rest_route=\/wp\/v2\/posts\/24677","targetHints":{"allow":["GET"]}}],"collection":[{"href":"https:\/\/archive.sana.sy\/tr\/index.php?rest_route=\/wp\/v2\/posts"}],"about":[{"href":"https:\/\/archive.sana.sy\/tr\/index.php?rest_route=\/wp\/v2\/types\/post"}],"author":[{"embeddable":true,"href":"https:\/\/archive.sana.sy\/tr\/index.php?rest_route=\/wp\/v2\/users\/1"}],"replies":[{"embeddable":true,"href":"https:\/\/archive.sana.sy\/tr\/index.php?rest_route=%2Fwp%2Fv2%2Fcomments&post=24677"}],"version-history":[{"count":0,"href":"https:\/\/archive.sana.sy\/tr\/index.php?rest_route=\/wp\/v2\/posts\/24677\/revisions"}],"wp:featuredmedia":[{"embeddable":true,"href":"https:\/\/archive.sana.sy\/tr\/index.php?rest_route=\/wp\/v2\/media\/24759"}],"wp:attachment":[{"href":"https:\/\/archive.sana.sy\/tr\/index.php?rest_route=%2Fwp%2Fv2%2Fmedia&parent=24677"}],"wp:term":[{"taxonomy":"category","embeddable":true,"href":"https:\/\/archive.sana.sy\/tr\/index.php?rest_route=%2Fwp%2Fv2%2Fcategories&post=24677"},{"taxonomy":"post_tag","embeddable":true,"href":"https:\/\/archive.sana.sy\/tr\/index.php?rest_route=%2Fwp%2Fv2%2Ftags&post=24677"}],"curies":[{"name":"wp","href":"https:\/\/api.w.org\/{rel}","templated":true}]}}