{"id":24688,"date":"2015-02-23T19:11:35","date_gmt":"2015-02-23T17:11:35","guid":{"rendered":"http:\/\/www.sana.sy\/tr\/?p=24688"},"modified":"2015-02-24T11:19:42","modified_gmt":"2015-02-24T09:19:42","slug":"buhari-suriyenin-ulusal-egemenligi-ve-halkinin-iradesine-saygi-duymak-gerekiyor","status":"publish","type":"post","link":"https:\/\/archive.sana.sy\/tr\/?p=24688","title":{"rendered":"Buhari: Suriye&#8217;nin Ulusal Egemenli\u011fi ve Halk\u0131n\u0131n \u0130radesine Sayg\u0131 Duymak Gerekiyor"},"content":{"rendered":"<p>\u015eAM \u2013 Pakistan Senatosu Ba\u015fkan\u0131 ve Asya Parlamento Cemiyeti Ba\u015fkan\u0131 Nayer H\u00fcseyin Buhari, Suriye&#8217;ye d\u00fczenledi\u011fi ziyareti Pakistan\u2019\u0131n ter\u00f6rle m\u00fccadelede Suriye&#8217;nin yan\u0131nda yer ald\u0131\u011f\u0131n\u0131n bir yans\u0131mas\u0131n\u0131 te\u015fkil ediyor.<\/p>\n<p><a href=\"http:\/\/www.sana.sy\/tr\/wp-content\/uploads\/2015\/02\/Lahham-1.jpg\"><img loading=\"lazy\" decoding=\"async\" class=\"alignright wp-image-24690 size-medium\" src=\"http:\/\/www.sana.sy\/tr\/wp-content\/uploads\/2015\/02\/Lahham-1-300x172.jpg\" alt=\"Lahham 1\" width=\"300\" height=\"172\" srcset=\"https:\/\/archive.sana.sy\/tr\/wp-content\/uploads\/2015\/02\/Lahham-1-300x172.jpg 300w, https:\/\/archive.sana.sy\/tr\/wp-content\/uploads\/2015\/02\/Lahham-1-150x86.jpg 150w, https:\/\/archive.sana.sy\/tr\/wp-content\/uploads\/2015\/02\/Lahham-1-1024x586.jpg 1024w\" sizes=\"auto, (max-width: 300px) 100vw, 300px\" \/><\/a>Suriye ziyareti \u00e7er\u00e7evesinde bug\u00fcn Halk Meclisi Ba\u015fkan\u0131 Muhammed Cihat el Lahham ile bir araya gelen Buhari, Suriye&#8217;nin ulusal egemenli\u011fine ve halk\u0131n\u0131n iradesine sayg\u0131 g\u00f6sterilmesi ve ya\u015fanmakta olan krizin siyasi bir \u00e7\u00f6z\u00fcme kavu\u015fturulmas\u0131 i\u00e7in yard\u0131mc\u0131 olmak gerekti\u011fini ifade etti.<\/p>\n<p>\u0130slamiyet maskesi arkas\u0131na gizlenen ve aralar\u0131nda I\u015e\u0130D ter\u00f6r \u00f6rg\u00fct\u00fc de yer alan ter\u00f6r \u00f6rg\u00fctlerinin \u0130slam D\u00fcnyas\u0131n\u0131 k\u00f6t\u00fcledi\u011fini dile getiren Buhari; uzun bir s\u00fcre ter\u00f6rden dolay\u0131 s\u0131k\u0131nt\u0131 ya\u015fayan Pakistan\u2019\u0131n ter\u00f6rle m\u00fccadele konusuna b\u00fcy\u00fck bir ciddiyetle yakla\u015ft\u0131\u011f\u0131n\u0131 beyan etti.<\/p>\n<p>Devletlerin kar\u015f\u0131la\u015ft\u0131klar\u0131 sorunlar\u0131n bar\u0131\u015f\u00e7\u0131l ve siyasi y\u00f6ntemlerle \u00e7\u00f6z\u00fclmesinde parlamenterlerin b\u00fcy\u00fck bir rol oynayabilece\u011fini dile getiren Buhari; b\u00f6lge halklar\u0131n\u0131n \u00e7\u0131karlar\u0131n\u0131 korumak i\u00e7in b\u00f6lge devletleri parlamentolar\u0131 aras\u0131nda g\u00f6r\u00fc\u015f al\u0131\u015fveri\u015fi olmas\u0131 gere\u011finin alt\u0131n\u0131 \u00e7izdi.<\/p>\n<p>\u00d6te yandan parlamento diplomasisinin ter\u00f6rle m\u00fccadeledeki misyonunu biran \u00f6nce \u00fcstlenmesi gere\u011fini ifade eden Halk Meclisi Ba\u015fkan\u0131 Lahham; Suriye halk\u0131n\u0131n yakla\u015f\u0131k 4 y\u0131ld\u0131r maruz kald\u0131\u011f\u0131 ter\u00f6r sald\u0131r\u0131lar\u0131, ekonomik yapt\u0131r\u0131mlar\u0131n ve kimi devletlerin iki y\u00fczl\u00fc politikalara dikkat \u00e7ekti.<\/p>\n<p>Silahl\u0131 ter\u00f6r gruplar\u0131n\u0131n yaratt\u0131\u011f\u0131 tehlikenin Suriye ile s\u0131n\u0131rl\u0131 kalmay\u0131p di\u011fer \u00fclkeleri de tehdit etmeye ba\u015flad\u0131\u011f\u0131n\u0131 dile getiren Lahham; Suriye&#8217;nin ter\u00f6r\u00fcn tehlikesinin s\u0131n\u0131r tan\u0131mad\u0131\u011f\u0131 konusunda defalarca uyar\u0131da bulundu\u011funu hat\u0131rlatt\u0131.<\/p>\n<p>F.B. &#8211; M.M.<\/p>\n","protected":false},"excerpt":{"rendered":"<p>\u015eAM \u2013 Pakistan Senatosu Ba\u015fkan\u0131 ve Asya Parlamento Cemiyeti Ba\u015fkan\u0131 Nayer H\u00fcseyin Buhari, Suriye&#8217;ye d\u00fczenledi\u011fi ziyareti Pakistan\u2019\u0131n ter\u00f6rle m\u00fccadelede Suriye&#8217;nin yan\u0131nda yer ald\u0131\u011f\u0131n\u0131n bir yans\u0131mas\u0131n\u0131 te\u015fkil ediyor. Suriye ziyareti \u00e7er\u00e7evesinde bug\u00fcn Halk Meclisi Ba\u015fkan\u0131 Muhammed Cihat el Lahham ile bir araya gelen Buhari, Suriye&#8217;nin ulusal egemenli\u011fine ve halk\u0131n\u0131n iradesine sayg\u0131 g\u00f6sterilmesi ve ya\u015fanmakta olan krizin &hellip;<\/p>\n","protected":false},"author":1,"featured_media":24689,"comment_status":"closed","ping_status":"closed","sticky":false,"template":"","format":"standard","meta":{"footnotes":""},"categories":[479,478],"tags":[11789,11790,11791],"class_list":["post-24688","post","type-post","status-publish","format-standard","has-post-thumbnail","","category-haberler-yerel","category-yerel","tag-buhari-suriyenin-ulusal-egemenligi-ve-halkinin-iradesine-saygi-duymak-gerekiyor","tag-sam-pakistan-senatosu-baskani-ve-asya-parlamento-cemiyeti-baskani-nayer-huseyin-buhari","tag-suriyeye-duzenledigi-ziyareti-pakistanin-terorle-mucadelede-suriyenin-yaninda-yer-aldiginin-bir-yansimasini-teskil-ediyor"],"_links":{"self":[{"href":"https:\/\/archive.sana.sy\/tr\/index.php?rest_route=\/wp\/v2\/posts\/24688","targetHints":{"allow":["GET"]}}],"collection":[{"href":"https:\/\/archive.sana.sy\/tr\/index.php?rest_route=\/wp\/v2\/posts"}],"about":[{"href":"https:\/\/archive.sana.sy\/tr\/index.php?rest_route=\/wp\/v2\/types\/post"}],"author":[{"embeddable":true,"href":"https:\/\/archive.sana.sy\/tr\/index.php?rest_route=\/wp\/v2\/users\/1"}],"replies":[{"embeddable":true,"href":"https:\/\/archive.sana.sy\/tr\/index.php?rest_route=%2Fwp%2Fv2%2Fcomments&post=24688"}],"version-history":[{"count":0,"href":"https:\/\/archive.sana.sy\/tr\/index.php?rest_route=\/wp\/v2\/posts\/24688\/revisions"}],"wp:featuredmedia":[{"embeddable":true,"href":"https:\/\/archive.sana.sy\/tr\/index.php?rest_route=\/wp\/v2\/media\/24689"}],"wp:attachment":[{"href":"https:\/\/archive.sana.sy\/tr\/index.php?rest_route=%2Fwp%2Fv2%2Fmedia&parent=24688"}],"wp:term":[{"taxonomy":"category","embeddable":true,"href":"https:\/\/archive.sana.sy\/tr\/index.php?rest_route=%2Fwp%2Fv2%2Fcategories&post=24688"},{"taxonomy":"post_tag","embeddable":true,"href":"https:\/\/archive.sana.sy\/tr\/index.php?rest_route=%2Fwp%2Fv2%2Ftags&post=24688"}],"curies":[{"name":"wp","href":"https:\/\/api.w.org\/{rel}","templated":true}]}}