{"id":246961,"date":"2021-12-07T13:20:37","date_gmt":"2021-12-07T11:20:37","guid":{"rendered":"http:\/\/107.6.182.27\/tr\/?p=246961"},"modified":"2021-12-08T08:20:16","modified_gmt":"2021-12-08T06:20:16","slug":"amerikan-isgali-deyrezzor-kirsalinda-hava-indirme-operasyonu-duzenledi-ve-cok-sayida-sivili-kacirdi","status":"publish","type":"post","link":"https:\/\/archive.sana.sy\/tr\/?p=246961","title":{"rendered":"Amerikan \u0130\u015fgali, Deyrezzor K\u0131rsal\u0131nda Hava \u0130ndirme Operasyonu D\u00fczenledi Ve \u00c7ok Say\u0131da Sivili Ka\u00e7\u0131rd\u0131"},"content":{"rendered":"<p style=\"text-align: justify;\">DEYREZZOR &#8211; Amerikan i\u015fgal g\u00fc\u00e7leri, Deyrezzor&#8217;un do\u011fu k\u0131rsal\u0131ndaki Al \u015eahil beldesine havadan indirme operasyonu d\u00fczenledi, ard\u0131ndan \u00e7ok say\u0131da sivili ka\u00e7\u0131rd\u0131.<\/p>\n<p style=\"text-align: justify;\">Yerel kaynaklar SANA&#8217;ya verdi\u011fi deme\u00e7te, ABD i\u015fgal helikopterlerinin ge\u00e7ti\u011fimiz saatlerde kendisine ba\u011fl\u0131 bir grup &#8220;DSG&#8221; milisinin deste\u011fiyle Deyrezzor k\u0131rsal\u0131ndaki Al \u015eahil beldesindeki baz\u0131 evlere havadan indirme operasyonu d\u00fczenledi\u011fini, birka\u00e7 sivili ka\u00e7\u0131rarak bilinmeyen bir yere g\u00f6t\u00fcrd\u00fc\u011f\u00fcn\u00fc s\u00f6yledi.<\/p>\n<p style=\"text-align: justify;\">Kaynaklar, Amerikan i\u015fgal g\u00fc\u00e7lerinin bask\u0131n yapt\u0131klar\u0131 evleri de y\u0131kt\u0131\u011f\u0131n\u0131 belirtti.<\/p>\n","protected":false},"excerpt":{"rendered":"<p>DEYREZZOR &#8211; Amerikan i\u015fgal g\u00fc\u00e7leri, Deyrezzor&#8217;un do\u011fu k\u0131rsal\u0131ndaki Al \u015eahil beldesine havadan indirme operasyonu d\u00fczenledi, ard\u0131ndan \u00e7ok say\u0131da sivili ka\u00e7\u0131rd\u0131. Yerel kaynaklar SANA&#8217;ya verdi\u011fi deme\u00e7te, ABD i\u015fgal helikopterlerinin ge\u00e7ti\u011fimiz saatlerde kendisine ba\u011fl\u0131 bir grup &#8220;DSG&#8221; milisinin deste\u011fiyle Deyrezzor k\u0131rsal\u0131ndaki Al \u015eahil beldesindeki baz\u0131 evlere havadan indirme operasyonu d\u00fczenledi\u011fini, birka\u00e7 sivili ka\u00e7\u0131rarak bilinmeyen bir yere g\u00f6t\u00fcrd\u00fc\u011f\u00fcn\u00fc &hellip;<\/p>\n","protected":false},"author":1,"featured_media":246962,"comment_status":"closed","ping_status":"closed","sticky":false,"template":"","format":"standard","meta":{"footnotes":""},"categories":[479,575,17988,478],"tags":[],"class_list":["post-246961","post","type-post","status-publish","format-standard","has-post-thumbnail","","category-haberler-yerel","category-olaylar-ve-gercekler","category-son-haberler","category-yerel"],"_links":{"self":[{"href":"https:\/\/archive.sana.sy\/tr\/index.php?rest_route=\/wp\/v2\/posts\/246961","targetHints":{"allow":["GET"]}}],"collection":[{"href":"https:\/\/archive.sana.sy\/tr\/index.php?rest_route=\/wp\/v2\/posts"}],"about":[{"href":"https:\/\/archive.sana.sy\/tr\/index.php?rest_route=\/wp\/v2\/types\/post"}],"author":[{"embeddable":true,"href":"https:\/\/archive.sana.sy\/tr\/index.php?rest_route=\/wp\/v2\/users\/1"}],"replies":[{"embeddable":true,"href":"https:\/\/archive.sana.sy\/tr\/index.php?rest_route=%2Fwp%2Fv2%2Fcomments&post=246961"}],"version-history":[{"count":0,"href":"https:\/\/archive.sana.sy\/tr\/index.php?rest_route=\/wp\/v2\/posts\/246961\/revisions"}],"wp:featuredmedia":[{"embeddable":true,"href":"https:\/\/archive.sana.sy\/tr\/index.php?rest_route=\/wp\/v2\/media\/246962"}],"wp:attachment":[{"href":"https:\/\/archive.sana.sy\/tr\/index.php?rest_route=%2Fwp%2Fv2%2Fmedia&parent=246961"}],"wp:term":[{"taxonomy":"category","embeddable":true,"href":"https:\/\/archive.sana.sy\/tr\/index.php?rest_route=%2Fwp%2Fv2%2Fcategories&post=246961"},{"taxonomy":"post_tag","embeddable":true,"href":"https:\/\/archive.sana.sy\/tr\/index.php?rest_route=%2Fwp%2Fv2%2Ftags&post=246961"}],"curies":[{"name":"wp","href":"https:\/\/api.w.org\/{rel}","templated":true}]}}