{"id":246964,"date":"2021-12-07T13:22:51","date_gmt":"2021-12-07T11:22:51","guid":{"rendered":"http:\/\/107.6.182.27\/tr\/?p=246964"},"modified":"2021-12-08T08:21:05","modified_gmt":"2021-12-08T06:21:05","slug":"deyrezzor-kirsali-al-bukmal-kent-merkezinde-durumlari-duzeltme-sureci-basladi","status":"publish","type":"post","link":"https:\/\/archive.sana.sy\/tr\/?p=246964","title":{"rendered":"Deyrezzor K\u0131rsal\u0131 Al Bukmal Kent Merkezinde Durumlar\u0131 D\u00fczeltme S\u00fcreci Ba\u015flad\u0131"},"content":{"rendered":"<p style=\"text-align: justify;\">DEYREZZOR -, Deyrezzor&#8217;un g\u00fcneydo\u011fu k\u0131rsal\u0131ndaki El Bukmal kent merkezinde, Deyrezzor ilinde ya\u015fayan halk i\u00e7in kapsaml\u0131 durum d\u00fczeltme s\u00fcrecinin devam\u0131 ba\u011flam\u0131nda ilgili makamlar taraf\u0131ndan zorunlu ve yedek askerlik hizmetlerini yerine getiremeyen aranan siviller ile ka\u00e7an askeri personelin de yer ald\u0131\u011f\u0131 \u00e7\u00f6z\u00fcm s\u00fcreci bu sabah ba\u015flad\u0131.<\/p>\n<p style=\"text-align: justify;\">D\u00fcn de, ilgili makamlar, Deyrezzor&#8217;un g\u00fcneydo\u011fu k\u0131rsal\u0131ndaki El Meyadin kent merkezindeki durum d\u00fczeltme eylemlerini tamamlam\u0131\u015ft\u0131.<\/p>\n<p style=\"text-align: justify;\">Ge\u00e7en ay\u0131n on d\u00f6rd\u00fcnde ilde kapsaml\u0131 durum d\u00fczeltme s\u00fcrecinin ba\u015flat\u0131lmas\u0131ndan bu yana Deyrezzor&#8217;da 11.000&#8217;den fazla ki\u015finin durumlar\u0131 d\u00fczeltildi.<\/p>\n<div id='gallery-1' class='gallery galleryid-246964 gallery-columns-2 gallery-size-full'><figure class='gallery-item'>\n\t\t\t<div class='gallery-icon landscape'>\n\t\t\t\t<a href='https:\/\/archive.sana.sy\/tr\/wp-content\/uploads\/2021\/12\/boukmal12.jpg'><img loading=\"lazy\" decoding=\"async\" width=\"700\" height=\"415\" src=\"https:\/\/archive.sana.sy\/tr\/wp-content\/uploads\/2021\/12\/boukmal12.jpg\" class=\"attachment-full size-full\" alt=\"\" srcset=\"https:\/\/archive.sana.sy\/tr\/wp-content\/uploads\/2021\/12\/boukmal12.jpg 700w, https:\/\/archive.sana.sy\/tr\/wp-content\/uploads\/2021\/12\/boukmal12-300x178.jpg 300w, https:\/\/archive.sana.sy\/tr\/wp-content\/uploads\/2021\/12\/boukmal12-150x89.jpg 150w\" sizes=\"auto, (max-width: 700px) 100vw, 700px\" \/><\/a>\n\t\t\t<\/div><\/figure><figure class='gallery-item'>\n\t\t\t<div class='gallery-icon landscape'>\n\t\t\t\t<a href='https:\/\/archive.sana.sy\/tr\/wp-content\/uploads\/2021\/12\/boukmal13.jpg'><img loading=\"lazy\" decoding=\"async\" width=\"700\" height=\"446\" src=\"https:\/\/archive.sana.sy\/tr\/wp-content\/uploads\/2021\/12\/boukmal13.jpg\" class=\"attachment-full size-full\" alt=\"\" srcset=\"https:\/\/archive.sana.sy\/tr\/wp-content\/uploads\/2021\/12\/boukmal13.jpg 700w, https:\/\/archive.sana.sy\/tr\/wp-content\/uploads\/2021\/12\/boukmal13-300x191.jpg 300w, https:\/\/archive.sana.sy\/tr\/wp-content\/uploads\/2021\/12\/boukmal13-150x96.jpg 150w\" sizes=\"auto, (max-width: 700px) 100vw, 700px\" \/><\/a>\n\t\t\t<\/div><\/figure>\n\t\t<\/div>\n\n","protected":false},"excerpt":{"rendered":"<p>DEYREZZOR -, Deyrezzor&#8217;un g\u00fcneydo\u011fu k\u0131rsal\u0131ndaki El Bukmal kent merkezinde, Deyrezzor ilinde ya\u015fayan halk i\u00e7in kapsaml\u0131 durum d\u00fczeltme s\u00fcrecinin devam\u0131 ba\u011flam\u0131nda ilgili makamlar taraf\u0131ndan zorunlu ve yedek askerlik hizmetlerini yerine getiremeyen aranan siviller ile ka\u00e7an askeri personelin de yer ald\u0131\u011f\u0131 \u00e7\u00f6z\u00fcm s\u00fcreci bu sabah ba\u015flad\u0131. D\u00fcn de, ilgili makamlar, Deyrezzor&#8217;un g\u00fcneydo\u011fu k\u0131rsal\u0131ndaki El Meyadin kent merkezindeki &hellip;<\/p>\n","protected":false},"author":1,"featured_media":246965,"comment_status":"closed","ping_status":"closed","sticky":false,"template":"","format":"standard","meta":{"footnotes":""},"categories":[479,17988,478],"tags":[],"class_list":["post-246964","post","type-post","status-publish","format-standard","has-post-thumbnail","","category-haberler-yerel","category-son-haberler","category-yerel"],"_links":{"self":[{"href":"https:\/\/archive.sana.sy\/tr\/index.php?rest_route=\/wp\/v2\/posts\/246964","targetHints":{"allow":["GET"]}}],"collection":[{"href":"https:\/\/archive.sana.sy\/tr\/index.php?rest_route=\/wp\/v2\/posts"}],"about":[{"href":"https:\/\/archive.sana.sy\/tr\/index.php?rest_route=\/wp\/v2\/types\/post"}],"author":[{"embeddable":true,"href":"https:\/\/archive.sana.sy\/tr\/index.php?rest_route=\/wp\/v2\/users\/1"}],"replies":[{"embeddable":true,"href":"https:\/\/archive.sana.sy\/tr\/index.php?rest_route=%2Fwp%2Fv2%2Fcomments&post=246964"}],"version-history":[{"count":0,"href":"https:\/\/archive.sana.sy\/tr\/index.php?rest_route=\/wp\/v2\/posts\/246964\/revisions"}],"wp:featuredmedia":[{"embeddable":true,"href":"https:\/\/archive.sana.sy\/tr\/index.php?rest_route=\/wp\/v2\/media\/246965"}],"wp:attachment":[{"href":"https:\/\/archive.sana.sy\/tr\/index.php?rest_route=%2Fwp%2Fv2%2Fmedia&parent=246964"}],"wp:term":[{"taxonomy":"category","embeddable":true,"href":"https:\/\/archive.sana.sy\/tr\/index.php?rest_route=%2Fwp%2Fv2%2Fcategories&post=246964"},{"taxonomy":"post_tag","embeddable":true,"href":"https:\/\/archive.sana.sy\/tr\/index.php?rest_route=%2Fwp%2Fv2%2Ftags&post=246964"}],"curies":[{"name":"wp","href":"https:\/\/api.w.org\/{rel}","templated":true}]}}