{"id":24698,"date":"2015-02-23T21:02:17","date_gmt":"2015-02-23T19:02:17","guid":{"rendered":"http:\/\/www.sana.sy\/tr\/?p=24698"},"modified":"2015-02-24T15:59:48","modified_gmt":"2015-02-24T13:59:48","slug":"suriye-guvenlik-konseyinden-gerekli-icraatlari-almasini-talep-etti","status":"publish","type":"post","link":"https:\/\/archive.sana.sy\/tr\/?p=24698","title":{"rendered":"Suriye, G\u00fcvenlik Konseyinden Gerekli \u0130craatlar\u0131 Almas\u0131n\u0131 Talep Etti"},"content":{"rendered":"<p>\u015eAM \u2013 D\u0131\u015fi\u015fleri ve Gurbet\u00e7iler Bakanl\u0131\u011f\u0131 Uluslararas\u0131 G\u00fcvenlik Konseyinde; T\u00fcrkiye&#8217;deki rejimin 22 \u015eubat Pazar gecesi Suriye topraklar\u0131na bulundu\u011fu a\u00e7\u0131k sald\u0131r\u0131y\u0131 k\u0131namas\u0131yla birlikte BM misak\u0131 ve ilgili kararlar\u0131 kapsam\u0131nda gerekli icraatlar\u0131 almas\u0131n\u0131 talep etti.<\/p>\n<p>Bakanl\u0131k bug\u00fcn BM genel sekreteri ve G\u00fcvenlik Konseyi ba\u015fkan\u0131na g\u00f6nderdi\u011fi iki e\u015f mektupta; T\u00fcrkiye&#8217;nin bulundu\u011fu bu \u00e7irkin sald\u0131r\u0131n\u0131n Suriye Arap Cumhuriyeti, egemenli\u011fi ve topraklar\u0131na a\u00e7\u0131k ve net bir d\u00fc\u015fman sald\u0131r\u0131 niteli\u011fi ta\u015f\u0131d\u0131\u011f\u0131na dikkat \u00e7ekti.<\/p>\n<p>Suriye&#8217;nin daha \u00f6nce BM genel sekreteri ve G\u00fcvenlik Konseyi ba\u015fkan\u0131na g\u00f6nderdi\u011fi resmi mektuplarda T\u00fcrkiye&#8217;deki rejimin Suriye&#8217;yi devlet ve halk olarak hedef alan, masum sivillere kar\u015f\u0131 insanl\u0131k d\u0131\u015f\u0131 vah\u015fetlerde bulunan ter\u00f6r \u00f6rg\u00fctlere muhtelif t\u00fcr deste\u011fine dikkat \u00e7ekti\u011fini hat\u0131rlatan bakanl\u0131k; bu rejimin d\u00fcnyan\u0131n her yerinden gelen yabanc\u0131 radikal ter\u00f6ristlerin Suriye&#8217;ye giri\u015flerini kolayla\u015ft\u0131rmakla yetinmedi\u011fini, onlara g\u00fcvenli bar\u0131nak, e\u011fitim, silah ve finans sa\u011flad\u0131\u011f\u0131n\u0131n bir kez daha alt\u0131n\u0131 \u00e7izdi.<\/p>\n<p>Bakanl\u0131k T\u00fcrkiye&#8217;deki rejimin BM\u2019nin ter\u00f6r \u00f6rg\u00fctleri listesinde yer alan Kaide \u00d6rg\u00fct\u00fcn\u00fcn Suriye&#8217;deki kollar\u0131 olan Nusra Cephesi, I\u015e\u0130D ve daha ba\u015fka ter\u00f6r \u00f6rg\u00fctlere destekle yetinmedi\u011fini, T\u00fcrk y\u00fczlere asker ve askeri ara\u00e7la bizzat kendisinin 22 \u015eubat Pazar gecesi Suriye topraklar\u0131na a\u00e7\u0131k ve aleni bir sald\u0131r\u0131da bulundu\u011funa vurgu yapt\u0131.<\/p>\n<p>T\u00fcrkiye d\u0131\u015fi\u015fleri bakanl\u0131\u011f\u0131n\u0131n bu sald\u0131r\u0131n\u0131n arifesinde Suriye&#8217;nin \u0130stanbul\u2019daki b\u00fcy\u00fckel\u00e7ili\u011fine S\u00fcleyman \u015eah T\u00fcrbesini mezar\u0131n\u0131 ba\u015fka bir yere nakletme niyetini bildirdi\u011fine dikkat \u00e7eken Bakanl\u0131k; fakat 1921 y\u0131l\u0131nda d\u00f6nemin i\u015fgalci Frans\u0131z y\u00f6netimi ile T\u00fcrkiye aras\u0131nda imzalanan anla\u015fma gere\u011fince T\u00fcrk otoritelerin Suriye Cumhuriyeti h\u00fck\u00fcmetinin onay\u0131n\u0131 beklemedi\u011finin alt\u0131n\u0131 \u00e7izdi.<\/p>\n<p>Tarihte \u2018Ankara Anla\u015fmas\u0131\u2019 olarak bilinen s\u00f6z konusu anla\u015fman\u0131n S\u00fcleyman \u015eah T\u00fcrbesiyle ilgili bentlerine \u0131\u015f\u0131k tutan Bakanl\u0131k; anla\u015fman\u0131n T\u00fcrkiye h\u00fck\u00fcmetinin sadece mezar\u0131 koruma ve \u00fcst\u00fcne T\u00fcrk bayra\u011f\u0131 asma hakk\u0131 tan\u0131d\u0131\u011f\u0131n\u0131n alt\u0131n\u0131 \u00e7izdi.<\/p>\n<p>Bakanl\u0131k T\u00fcrkiye rejiminin mezar\u0131 ba\u015fka bir yere ta\u015f\u0131mas\u0131 ard\u0131ndan mezar yeri yada Suriye topraklar\u0131 \u00fczerinde hi\u00e7bir m\u00fclkiyeti kalmad\u0131\u011f\u0131 gibi bundan sonra da anla\u015fma metnine geri d\u00f6nme yada dayanak olarak alman\u0131n hi\u00e7bir \u015fekilde m\u00fcmk\u00fcn olmad\u0131\u011f\u0131n\u0131n alt\u0131n\u0131 \u00e7izdi.<\/p>\n<p>Mektubunda S\u00fcleyman \u015eah Mezar\u0131n\u0131n 1970\u2019li y\u0131llarda Suriye ve T\u00fcrkiye aras\u0131nda ikili anla\u015fma kapsam\u0131nda kamu m\u00fclk\u00fc olan bir araziye ta\u015f\u0131nd\u0131\u011f\u0131na i\u015faret eden Bakanl\u0131k; temelde o zamanda da T\u00fcrkiye&#8217;nin t\u00fcrbenin bulundu\u011fu topraklar \u00fczerindeki m\u00fclkiyet hakk\u0131n\u0131 kaybetti\u011fine vurgu yapt\u0131.<\/p>\n<p>Bakanl\u0131k dolay\u0131s\u0131yla T\u00fcrkiye rejiminin \u015fu an Suriye topraklar\u0131na bulundu\u011fu sald\u0131r\u0131y\u0131 aklama \u00e7abalar\u0131 ve iddialar\u0131n\u0131n hi\u00e7bir ge\u00e7erlili\u011fi ya da do\u011frululu\u011fu olmad\u0131\u011f\u0131na vurgu yapt\u0131.<\/p>\n<p>T\u00fcrkiye d\u0131\u015fi\u015fleri bakanl\u0131\u011f\u0131n\u0131n 21 \u015eubat Cumartesi g\u00fcn\u00fc Suriye&#8217;nin \u0130stanbul&#8217;daki Konsoloslu\u011funa g\u00f6nderdi\u011fi belgede Suriye topraklar\u0131 ve ulusal egemenli\u011fine sald\u0131r\u0131s\u0131n\u0131 29 Eyl\u00fcl 2012 tarihli 419 say\u0131l\u0131 genel konsolosluk tezkeresiyle aklamaya \u00e7al\u0131\u015ft\u0131\u011f\u0131na dikkat \u00e7eken Bakanl\u0131k; T\u00fcrkiye rejiminin t\u00fcrbe yerinin T\u00fcrkiye&#8217;ye ait topraklar olarak g\u00f6stermeye \u00e7al\u0131\u015ft\u0131\u011f\u0131na i\u015faret etti.<\/p>\n<p>Bakanl\u0131k 419 say\u0131l\u0131 s\u00f6z konusu tezkerenin, t\u00fcrbe yerinin T\u00fcrkiye topraklar\u0131 oldu\u011funu i\u00e7ermedi\u011fini, sadece ve sadece Suriye h\u00fck\u00fcmetinin o s\u00fcre\u00e7 i\u00e7inde t\u00fcrbenin maruz kald\u0131\u011f\u0131 hasar\u0131 belirleyecek teknik bir komite te\u015fkil edece\u011fine taahh\u00fct etti\u011fini i\u00e7erdi\u011fine vurgu yapt\u0131.<\/p>\n<p>Bakanl\u0131k mektubunda T\u00fcrkiye d\u0131\u015fi\u015fleri bakanl\u0131\u011f\u0131n\u0131n 21 \u015eubat 2015 tarihinde Suriye konsoloslu\u011funa g\u00f6nderdi\u011fi belgede; t\u00fcrbenin g\u00fcvenlik nedenlerinden dolay\u0131 ta\u015f\u0131naca\u011f\u0131n\u0131 belirtti\u011fine dikkat \u00e7ekti.<\/p>\n<p>Mezar\u0131n yerini de\u011fi\u015ftirmekle T\u00fcrkiye rejiminin yapmas\u0131 gerekenin bu mezar\u0131 Suriye topraklar\u0131na de\u011fil de T\u00fcrkiye topraklar\u0131na ta\u015f\u0131mas\u0131 gerekti\u011fini vurgulayan Bakanl\u0131k; \u00f6yle ki T\u00fcrkiye&#8217;nin bundan sonra Suriye topraklar\u0131 \u00fczerinde S\u00fcleyman \u015eah t\u00fcrbesi i\u00e7in toprak, m\u00fclkiyet yada hak talep etmesinin kesinlikle art\u0131k m\u00fcmk\u00fcn olmad\u0131\u011f\u0131n\u0131n alt\u0131n\u0131 \u00e7izdi.<\/p>\n<p>S\u00f6zlerine devam eden Bakanl\u0131k; S\u00fcleyman \u015eah t\u00fcrbesinin I\u015e\u0130D ter\u00f6ristlerinin bulundu\u011fu bir b\u00f6lgede yer ald\u0131\u011f\u0131n\u0131, bu ter\u00f6r \u00e7etelerinin de b\u00f6lgede sivil halka ait ev, kilise, mezar ve t\u00fcrbeleri y\u0131kmas\u0131na ra\u011fmen S\u00fcleyman \u015eah t\u00fcrbesine hi\u00e7bir zarar vermediklerine bir kez daha dikkat \u00e7ekti.<\/p>\n<p>Mezar\u0131 ta\u015f\u0131ma s\u0131ras\u0131nda da T\u00fcrk askerleri ile I\u015e\u0130D \u00e7eteleri aras\u0131nda hi\u00e7bir \u00e7at\u0131\u015fman\u0131n ya\u015fanmad\u0131\u011f\u0131na dikkat \u00e7eken Bakanl\u0131k; t\u00fcm bunlar\u0131n T\u00fcrkiye rejimi ile d\u00fcnya g\u00fcvenli\u011fi ve istikrar\u0131n\u0131 tehdit eden I\u015e\u0130D \u00d6rg\u00fct\u00fc aras\u0131ndaki derin ba\u011flar\u0131 ve koordinasyonu net bir \u015fekilde yans\u0131tt\u0131\u011f\u0131na vurgu yapt\u0131.<\/p>\n<p>T\u00fcrkiye rejiminin mezar\u0131 ta\u015f\u0131mak i\u00e7in askeri g\u00fc\u00e7 kulland\u0131\u011f\u0131n\u0131n alt\u0131n\u0131 \u00f6znemle \u00e7izen Bakanl\u0131k; bunun BM\u2019de \u00fcye olan ba\u011f\u0131ms\u0131z ve egemen devletlere kar\u015f\u0131 g\u00fc\u00e7 kullanma niteli\u011fi ta\u015f\u0131mas\u0131yla uluslar aras\u0131 kanunlar ve BM misak\u0131na te\u015fkil etti\u011fi ihlalin ciddiyetine vurgu yapt\u0131.<\/p>\n<p>Bakanl\u0131k ayn\u0131 zamanda T\u00fcrkiye s\u0131n\u0131rlar\u0131na yak\u0131n d\u00fc\u015fen E\u015fme K\u00f6y\u00fcne i\u015faretle T\u00fcrkiye ordusunun Suriye Arap Cumhuriyeti topraklar\u0131n\u0131n par\u00e7as\u0131 olan bir k\u00f6y\u00fc g\u00fc\u00e7 kullanarak i\u015fgal etti\u011finin alt\u0131n\u0131 \u00e7izdi.<\/p>\n<p>Bunun Ankara Anla\u015fmas\u0131yla hi\u00e7bir ili\u015fkisi yada ba\u011flant\u0131s\u0131 olmad\u0131\u011f\u0131na dikkat \u00e7eken Bakanl\u0131k; T\u00fcrkiye rejiminin bu y\u00f6nde \u00f6ne s\u00fcrd\u00fc\u011f\u00fc neden ve gerek\u00e7elerin tamam\u0131n\u0131n ge\u00e7ersiz oldu\u011funun alt\u0131n\u0131 \u00e7izdi.<\/p>\n<p>T\u00fcrkiye rejiminin 1921 tarihli Ankara anla\u015fmas\u0131n\u0131n h\u00fck\u00fcm ve bentlerini a\u00e7\u0131k ve net bir \u015fekilde ihlal etti\u011fine \u00f6nemle dikkat \u00e7eken Bakanl\u0131k; T\u00fcrkiye rejiminin bunun t\u00fcm sorumluluk ve sonu\u00e7lar\u0131na katlanaca\u011f\u0131na vurgu yapt\u0131.<\/p>\n<p>Bakanl\u0131k mektubunun sonunda G\u00fcvenlik Konseyinden s\u00f6z konusu mektubu konseyin resmi belgelerine eklemesini talep etti.<\/p>\n<p>A.A. &#8211; M.M.<\/p>\n","protected":false},"excerpt":{"rendered":"<p>\u015eAM \u2013 D\u0131\u015fi\u015fleri ve Gurbet\u00e7iler Bakanl\u0131\u011f\u0131 Uluslararas\u0131 G\u00fcvenlik Konseyinde; T\u00fcrkiye&#8217;deki rejimin 22 \u015eubat Pazar gecesi Suriye topraklar\u0131na bulundu\u011fu a\u00e7\u0131k sald\u0131r\u0131y\u0131 k\u0131namas\u0131yla birlikte BM misak\u0131 ve ilgili kararlar\u0131 kapsam\u0131nda gerekli icraatlar\u0131 almas\u0131n\u0131 talep etti. Bakanl\u0131k bug\u00fcn BM genel sekreteri ve G\u00fcvenlik Konseyi ba\u015fkan\u0131na g\u00f6nderdi\u011fi iki e\u015f mektupta; T\u00fcrkiye&#8217;nin bulundu\u011fu bu \u00e7irkin sald\u0131r\u0131n\u0131n Suriye Arap Cumhuriyeti, egemenli\u011fi &hellip;<\/p>\n","protected":false},"author":1,"featured_media":23942,"comment_status":"closed","ping_status":"closed","sticky":false,"template":"","format":"standard","meta":{"footnotes":""},"categories":[479,2554,2555,478],"tags":[11792,11793,16591],"class_list":["post-24698","post","type-post","status-publish","format-standard","has-post-thumbnail","","category-haberler-yerel","category-suriye-ve-dunya","category-suriye-ve-turkiye","category-yerel","tag-guvenlik-konseyinden-gerekli-icraatlari-almasini-talep-etti","tag-sam-disisleri-ve-gurbetciler-bakanligi-uluslararasi-guvenlik-konseyinde-turkiyedeki-rejimin-22-subat-pazar-gecesi-suriye-topraklarina-bulundugu-acik-saldiriyi-kinamasiyla-birlikte-bm-misak","tag-suriye"],"_links":{"self":[{"href":"https:\/\/archive.sana.sy\/tr\/index.php?rest_route=\/wp\/v2\/posts\/24698","targetHints":{"allow":["GET"]}}],"collection":[{"href":"https:\/\/archive.sana.sy\/tr\/index.php?rest_route=\/wp\/v2\/posts"}],"about":[{"href":"https:\/\/archive.sana.sy\/tr\/index.php?rest_route=\/wp\/v2\/types\/post"}],"author":[{"embeddable":true,"href":"https:\/\/archive.sana.sy\/tr\/index.php?rest_route=\/wp\/v2\/users\/1"}],"replies":[{"embeddable":true,"href":"https:\/\/archive.sana.sy\/tr\/index.php?rest_route=%2Fwp%2Fv2%2Fcomments&post=24698"}],"version-history":[{"count":0,"href":"https:\/\/archive.sana.sy\/tr\/index.php?rest_route=\/wp\/v2\/posts\/24698\/revisions"}],"wp:featuredmedia":[{"embeddable":true,"href":"https:\/\/archive.sana.sy\/tr\/index.php?rest_route=\/wp\/v2\/media\/23942"}],"wp:attachment":[{"href":"https:\/\/archive.sana.sy\/tr\/index.php?rest_route=%2Fwp%2Fv2%2Fmedia&parent=24698"}],"wp:term":[{"taxonomy":"category","embeddable":true,"href":"https:\/\/archive.sana.sy\/tr\/index.php?rest_route=%2Fwp%2Fv2%2Fcategories&post=24698"},{"taxonomy":"post_tag","embeddable":true,"href":"https:\/\/archive.sana.sy\/tr\/index.php?rest_route=%2Fwp%2Fv2%2Ftags&post=24698"}],"curies":[{"name":"wp","href":"https:\/\/api.w.org\/{rel}","templated":true}]}}