{"id":246988,"date":"2021-12-08T10:00:13","date_gmt":"2021-12-08T08:00:13","guid":{"rendered":"http:\/\/107.6.182.27\/tr\/?p=246988"},"modified":"2021-12-09T08:12:36","modified_gmt":"2021-12-09T06:12:36","slug":"ordu-amerikan-isgaline-ait-bir-konvoyun-gecisini-engelledi","status":"publish","type":"post","link":"https:\/\/archive.sana.sy\/tr\/?p=246988","title":{"rendered":"Ordu, Amerikan \u0130\u015fgaline Ait Bir Konvoyun Ge\u00e7i\u015fini Engelledi"},"content":{"rendered":"<p>HASEKE \u2013 Haseke&#8217;nin kuzeyindeki El Salihiye k\u00f6y\u00fc yak\u0131nlar\u0131nda Suriye Arap Ordusu kontrol noktas\u0131, Kam\u0131\u015fl\u0131 \u015fehrinden ayr\u0131l\u0131rken Amerikan i\u015fgal g\u00fc\u00e7lerine ait bir askeri konvoyu durdurdu.<\/p>\n<p>yerel kaynaklar SANA Kam\u0131\u015fl\u0131 muhabirine, Suriye Arap Ordusu&#8217;nun kontrol noktas\u0131n\u0131n, Kam\u0131\u015fl\u0131 kentinden El Salihiye k\u00f6y\u00fcne ge\u00e7meye \u00e7al\u0131\u015fan Amerikan i\u015fgal g\u00fc\u00e7lerine ait be\u015f z\u0131rhl\u0131 ara\u00e7tan olu\u015fan bir konvoyun \u00f6n\u00fcn\u00fc keserek geri \u00e7ekilmeye ve yolunu de\u011fi\u015ftirmeye zorlad\u0131\u011f\u0131n\u0131 belirtti.<\/p>\n<p>&nbsp;<\/p>\n","protected":false},"excerpt":{"rendered":"<p>HASEKE \u2013 Haseke&#8217;nin kuzeyindeki El Salihiye k\u00f6y\u00fc yak\u0131nlar\u0131nda Suriye Arap Ordusu kontrol noktas\u0131, Kam\u0131\u015fl\u0131 \u015fehrinden ayr\u0131l\u0131rken Amerikan i\u015fgal g\u00fc\u00e7lerine ait bir askeri konvoyu durdurdu. yerel kaynaklar SANA Kam\u0131\u015fl\u0131 muhabirine, Suriye Arap Ordusu&#8217;nun kontrol noktas\u0131n\u0131n, Kam\u0131\u015fl\u0131 kentinden El Salihiye k\u00f6y\u00fcne ge\u00e7meye \u00e7al\u0131\u015fan Amerikan i\u015fgal g\u00fc\u00e7lerine ait be\u015f z\u0131rhl\u0131 ara\u00e7tan olu\u015fan bir konvoyun \u00f6n\u00fcn\u00fc keserek geri \u00e7ekilmeye &hellip;<\/p>\n","protected":false},"author":36,"featured_media":246989,"comment_status":"closed","ping_status":"closed","sticky":false,"template":"","format":"standard","meta":{"footnotes":""},"categories":[479,575,17988,478],"tags":[],"class_list":["post-246988","post","type-post","status-publish","format-standard","has-post-thumbnail","","category-haberler-yerel","category-olaylar-ve-gercekler","category-son-haberler","category-yerel"],"_links":{"self":[{"href":"https:\/\/archive.sana.sy\/tr\/index.php?rest_route=\/wp\/v2\/posts\/246988","targetHints":{"allow":["GET"]}}],"collection":[{"href":"https:\/\/archive.sana.sy\/tr\/index.php?rest_route=\/wp\/v2\/posts"}],"about":[{"href":"https:\/\/archive.sana.sy\/tr\/index.php?rest_route=\/wp\/v2\/types\/post"}],"author":[{"embeddable":true,"href":"https:\/\/archive.sana.sy\/tr\/index.php?rest_route=\/wp\/v2\/users\/36"}],"replies":[{"embeddable":true,"href":"https:\/\/archive.sana.sy\/tr\/index.php?rest_route=%2Fwp%2Fv2%2Fcomments&post=246988"}],"version-history":[{"count":0,"href":"https:\/\/archive.sana.sy\/tr\/index.php?rest_route=\/wp\/v2\/posts\/246988\/revisions"}],"wp:featuredmedia":[{"embeddable":true,"href":"https:\/\/archive.sana.sy\/tr\/index.php?rest_route=\/wp\/v2\/media\/246989"}],"wp:attachment":[{"href":"https:\/\/archive.sana.sy\/tr\/index.php?rest_route=%2Fwp%2Fv2%2Fmedia&parent=246988"}],"wp:term":[{"taxonomy":"category","embeddable":true,"href":"https:\/\/archive.sana.sy\/tr\/index.php?rest_route=%2Fwp%2Fv2%2Fcategories&post=246988"},{"taxonomy":"post_tag","embeddable":true,"href":"https:\/\/archive.sana.sy\/tr\/index.php?rest_route=%2Fwp%2Fv2%2Ftags&post=246988"}],"curies":[{"name":"wp","href":"https:\/\/api.w.org\/{rel}","templated":true}]}}