{"id":24705,"date":"2015-02-24T09:44:46","date_gmt":"2015-02-24T07:44:46","guid":{"rendered":"http:\/\/www.sana.sy\/tr\/?p=24705"},"modified":"2015-02-24T09:44:46","modified_gmt":"2015-02-24T07:44:46","slug":"galevenci-insani-yardim-calismalarinda-yerel-yonetimlere-agirlik-verilecek","status":"publish","type":"post","link":"https:\/\/archive.sana.sy\/tr\/?p=24705","title":{"rendered":"Galevenci: \u0130nsani Yard\u0131m \u00c7al\u0131\u015fmalar\u0131nda Yerel Y\u00f6netimlere A\u011f\u0131rl\u0131k Verilecek"},"content":{"rendered":"<p>\u015eAM \u2013 Ba\u015fbakan Yard\u0131mc\u0131s\u0131 ve Yerel \u0130dare Bakan\u0131 ve \u0130nsani Yard\u0131m Y\u00fcksek Komisyonu Ba\u015fkan\u0131 \u00d6mer Galavenci; insani yard\u0131m \u00e7al\u0131\u015fmalar\u0131nda stratejik y\u00f6nlendirmelerin, \u00f6n\u00fcm\u00fczdeki s\u00fcre\u00e7te yerel y\u00f6netimlere b\u00fcy\u00fck bir rol verilmesi ve bu \u00e7al\u0131\u015fmalarda ademi merkeziyet\u00e7i bir i\u015fleyi\u015fin a\u011f\u0131r basaca\u011f\u0131na i\u015faret etti\u011fini dile getirdi.<\/p>\n<p>Bakanlar Kurulunun 17.02.2015 tarihli karar\u0131yla yeniden \u015fekillendirilen \u0130nsani Yard\u0131m Y\u00fcksek Komisyonunun ilk toplant\u0131s\u0131na ba\u015fkanl\u0131k eden Galavenci; komisyonun yeniden \u015fekillendirilmesinin \u00f6n\u00fcm\u00fczdeki s\u00fcre\u00e7te insani yard\u0131m \u00e7al\u0131\u015fmalar\u0131n\u0131n d\u00fczeyinin y\u00fckselmesine katk\u0131da bulunaca\u011f\u0131n\u0131 beyan etti.<\/p>\n<p><a href=\"http:\/\/www.sana.sy\/tr\/wp-content\/uploads\/2015\/02\/halk-meclisi-ba\u015fkan\u0131-2.jpg\"><img loading=\"lazy\" decoding=\"async\" class=\" size-medium wp-image-24707 alignright\" src=\"http:\/\/www.sana.sy\/tr\/wp-content\/uploads\/2015\/02\/halk-meclisi-ba\u015fkan\u0131-2-300x200.jpg\" alt=\"halk meclisi ba\u015fkan\u0131 2\" width=\"300\" height=\"200\" srcset=\"https:\/\/archive.sana.sy\/tr\/wp-content\/uploads\/2015\/02\/halk-meclisi-ba\u015fkan\u0131-2-300x200.jpg 300w, https:\/\/archive.sana.sy\/tr\/wp-content\/uploads\/2015\/02\/halk-meclisi-ba\u015fkan\u0131-2-150x100.jpg 150w, https:\/\/archive.sana.sy\/tr\/wp-content\/uploads\/2015\/02\/halk-meclisi-ba\u015fkan\u0131-2-1024x681.jpg 1024w\" sizes=\"auto, (max-width: 300px) 100vw, 300px\" \/><\/a>\u00d6n\u00fcm\u00fczdeki s\u00fcre\u00e7te insani yard\u0131mlar\u0131n b\u00fct\u00fcn ihtiya\u00e7 sahiplerine ula\u015ft\u0131r\u0131lmas\u0131n\u0131n ama\u00e7land\u0131\u011f\u0131na dikkat \u00e7eken Galavenci; insani yard\u0131m \u00e7al\u0131\u015fmalar\u0131n\u0131n daha verimli ve amac\u0131na hizmet eden bir \u00e7izgiye ula\u015fmas\u0131 amac\u0131yla h\u00fck\u00fcmetin de b\u00fcy\u00fck katk\u0131lar\u0131yla bir veri taban\u0131 olu\u015fturulaca\u011f\u0131n\u0131 belirtti.<\/p>\n<p>\u0130nsani yard\u0131m dosyas\u0131yla ilgili stratejik y\u00f6nlendirmelerin temelinde ademi merkeziyet\u00e7i bir i\u015fleyi\u015f tarz\u0131yla yerel idarelere a\u011f\u0131rl\u0131k verilmesi y\u00f6nteminin bulundu\u011funu ifade eden Galavenci; insani yard\u0131m \u00e7al\u0131\u015fmalar\u0131nda g\u00f6n\u00fcll\u00fc yer alanlar\u0131n da deste\u011fi ile ihtiya\u00e7 sahiplerinin belirlenece\u011fi \u00e7al\u0131\u015fmalarda valiliklerin koordinasyon sa\u011flay\u0131c\u0131 bir rol\u00fc bulunaca\u011f\u0131n\u0131 ibraz etti.<\/p>\n<p>Bilinece\u011fi \u00fczere yeniden \u015fekillendirilen \u0130nsani Yard\u0131m Y\u00fcksek Komisyonu \u00fcyeleri aras\u0131nda, E\u011fitim, Ziraat, Sosyal \u0130\u015fler, Su Kaynaklar\u0131, Sa\u011fl\u0131k ve Yerel \u0130dare Bakanlar\u0131n\u0131n yan\u0131 s\u0131ra \u0130\u00e7i\u015fleri Bakanl\u0131\u011f\u0131ndan Temsilci, Ulusal G\u00fcvenlik Kurulu Temsilcisi, Filistinli M\u00fclteciler Kurumu M\u00fcd\u00fcr\u00fc, Suriye K\u0131z\u0131lay \u00d6rg\u00fct\u00fc Ba\u015fkan\u0131 ve Suriye Kalk\u0131nma Sekretaryas\u0131 Temsilcisi yer al\u0131yor.<\/p>\n<p>F.B. &#8211; R.H.<\/p>\n","protected":false},"excerpt":{"rendered":"<p>\u015eAM \u2013 Ba\u015fbakan Yard\u0131mc\u0131s\u0131 ve Yerel \u0130dare Bakan\u0131 ve \u0130nsani Yard\u0131m Y\u00fcksek Komisyonu Ba\u015fkan\u0131 \u00d6mer Galavenci; insani yard\u0131m \u00e7al\u0131\u015fmalar\u0131nda stratejik y\u00f6nlendirmelerin, \u00f6n\u00fcm\u00fczdeki s\u00fcre\u00e7te yerel y\u00f6netimlere b\u00fcy\u00fck bir rol verilmesi ve bu \u00e7al\u0131\u015fmalarda ademi merkeziyet\u00e7i bir i\u015fleyi\u015fin a\u011f\u0131r basaca\u011f\u0131na i\u015faret etti\u011fini dile getirdi. Bakanlar Kurulunun 17.02.2015 tarihli karar\u0131yla yeniden \u015fekillendirilen \u0130nsani Yard\u0131m Y\u00fcksek Komisyonunun ilk toplant\u0131s\u0131na &hellip;<\/p>\n","protected":false},"author":1,"featured_media":24706,"comment_status":"closed","ping_status":"closed","sticky":false,"template":"","format":"standard","meta":{"footnotes":""},"categories":[479,478],"tags":[11795,11796],"class_list":["post-24705","post","type-post","status-publish","format-standard","has-post-thumbnail","","category-haberler-yerel","category-yerel","tag-galevenci-insani-yardim-calismalarinda-yerel-yonetimlere-agirlik-verilecek-sam-basbakan-yardimcisi-ve-yerel-idare-bakani-ve-insani-yardim-yuksek-komisyonu-baskani-omer-galavenci-insani-yar","tag-onumuzdeki-surecte-yerel-yonetimlere-buyuk-bir-rol-verilmesi-ve-bu-calismalarda-ademi-merkeziyetci-bir-isleyisin-agir-basacagina-isaret-ettigini-dile-getirdi"],"_links":{"self":[{"href":"https:\/\/archive.sana.sy\/tr\/index.php?rest_route=\/wp\/v2\/posts\/24705","targetHints":{"allow":["GET"]}}],"collection":[{"href":"https:\/\/archive.sana.sy\/tr\/index.php?rest_route=\/wp\/v2\/posts"}],"about":[{"href":"https:\/\/archive.sana.sy\/tr\/index.php?rest_route=\/wp\/v2\/types\/post"}],"author":[{"embeddable":true,"href":"https:\/\/archive.sana.sy\/tr\/index.php?rest_route=\/wp\/v2\/users\/1"}],"replies":[{"embeddable":true,"href":"https:\/\/archive.sana.sy\/tr\/index.php?rest_route=%2Fwp%2Fv2%2Fcomments&post=24705"}],"version-history":[{"count":0,"href":"https:\/\/archive.sana.sy\/tr\/index.php?rest_route=\/wp\/v2\/posts\/24705\/revisions"}],"wp:featuredmedia":[{"embeddable":true,"href":"https:\/\/archive.sana.sy\/tr\/index.php?rest_route=\/wp\/v2\/media\/24706"}],"wp:attachment":[{"href":"https:\/\/archive.sana.sy\/tr\/index.php?rest_route=%2Fwp%2Fv2%2Fmedia&parent=24705"}],"wp:term":[{"taxonomy":"category","embeddable":true,"href":"https:\/\/archive.sana.sy\/tr\/index.php?rest_route=%2Fwp%2Fv2%2Fcategories&post=24705"},{"taxonomy":"post_tag","embeddable":true,"href":"https:\/\/archive.sana.sy\/tr\/index.php?rest_route=%2Fwp%2Fv2%2Ftags&post=24705"}],"curies":[{"name":"wp","href":"https:\/\/api.w.org\/{rel}","templated":true}]}}