{"id":24709,"date":"2015-02-24T09:57:38","date_gmt":"2015-02-24T07:57:38","guid":{"rendered":"http:\/\/www.sana.sy\/tr\/?p=24709"},"modified":"2015-02-24T09:57:38","modified_gmt":"2015-02-24T07:57:38","slug":"lavrov-uluslararasi-politikada-adaletin-yeniden-saglanmasi-gerekiyor","status":"publish","type":"post","link":"https:\/\/archive.sana.sy\/tr\/?p=24709","title":{"rendered":"Lavrov: Uluslararas\u0131 Politikada Adaletin Yeniden Sa\u011flanmas\u0131 Gerekiyor"},"content":{"rendered":"<p>NEW YORK \u2013 Rusya D\u0131\u015fi\u015fleri Bakan\u0131 Sergey Lavrov, uluslararas\u0131 politikada adaletin yeniden sa\u011flanmas\u0131 ve \u00e7ifte standartl\u0131 politikalar\u0131n terk edilerek BM G\u00fcvenlik Konseyi \u00f6nc\u00fcl\u00fc\u011f\u00fcnde ortak tutum ve politikalarda uzla\u015fmaya ula\u015f\u0131lmas\u0131 i\u00e7in gerekli icraatlar\u0131n biran \u00f6nce al\u0131nmas\u0131 gerekti\u011fini ifade etti.<\/p>\n<p>Uluslararas\u0131 G\u00fcvenlik Konseyinde uluslararas\u0131 bar\u0131\u015f ve g\u00fcvenli\u011fin korunmas\u0131yla ilgili m\u00fcnazarada konu\u015fan Lavrov; halklar\u0131n kendi kaderini tayin etme haklar\u0131na sayg\u0131 duyulmas\u0131 gere\u011finin alt\u0131n\u0131 \u00e7izerek G\u00fcvenlik Konseyi Daimi \u00fcyelerinin siyasi iradelerinin aktifle\u015ftirilmesi gere\u011fini vurgulad\u0131.<\/p>\n<p>Ter\u00f6rle m\u00fccadelede samimi ve uluslararas\u0131 kurallara uygun ad\u0131mlar at\u0131lmas\u0131n gere\u011fine i\u015faret eden Lavrov; Rusya\u2019n\u0131n, ter\u00f6rle m\u00fccadelenin uluslararas\u0131 toplum \u00e7at\u0131s\u0131 alt\u0131nda s\u00fcrd\u00fcr\u00fclmesi \u00e7a\u011fr\u0131s\u0131n\u0131 yineledi.<\/p>\n<p>F.B. &#8211; R.H.<\/p>\n","protected":false},"excerpt":{"rendered":"<p>NEW YORK \u2013 Rusya D\u0131\u015fi\u015fleri Bakan\u0131 Sergey Lavrov, uluslararas\u0131 politikada adaletin yeniden sa\u011flanmas\u0131 ve \u00e7ifte standartl\u0131 politikalar\u0131n terk edilerek BM G\u00fcvenlik Konseyi \u00f6nc\u00fcl\u00fc\u011f\u00fcnde ortak tutum ve politikalarda uzla\u015fmaya ula\u015f\u0131lmas\u0131 i\u00e7in gerekli icraatlar\u0131n biran \u00f6nce al\u0131nmas\u0131 gerekti\u011fini ifade etti. Uluslararas\u0131 G\u00fcvenlik Konseyinde uluslararas\u0131 bar\u0131\u015f ve g\u00fcvenli\u011fin korunmas\u0131yla ilgili m\u00fcnazarada konu\u015fan Lavrov; halklar\u0131n kendi kaderini tayin etme &hellip;<\/p>\n","protected":false},"author":1,"featured_media":24710,"comment_status":"closed","ping_status":"closed","sticky":false,"template":"","format":"standard","meta":{"footnotes":""},"categories":[458,459,447],"tags":[11797,11798],"class_list":["post-24709","post","type-post","status-publish","format-standard","has-post-thumbnail","","category-dunya1","category-haberler-arap-uluslararasi-politika","category-politika","tag-lavrov-uluslararasi-politikada-adaletin-yeniden-saglanmasi-gerekiyor-new-york-rusya-disisleri-bakani-sergey-lavrov","tag-uluslararasi-politikada-adaletin-yeniden-saglanmasi-ve-cifte-standartli-politikalarin-terk-edilerek-bm-guvenlik-konseyi-onculugunde-ortak-tutum-ve-politikalarda-uzlasmaya-ulasilmasi-icin-gerekli-icraa"],"_links":{"self":[{"href":"https:\/\/archive.sana.sy\/tr\/index.php?rest_route=\/wp\/v2\/posts\/24709","targetHints":{"allow":["GET"]}}],"collection":[{"href":"https:\/\/archive.sana.sy\/tr\/index.php?rest_route=\/wp\/v2\/posts"}],"about":[{"href":"https:\/\/archive.sana.sy\/tr\/index.php?rest_route=\/wp\/v2\/types\/post"}],"author":[{"embeddable":true,"href":"https:\/\/archive.sana.sy\/tr\/index.php?rest_route=\/wp\/v2\/users\/1"}],"replies":[{"embeddable":true,"href":"https:\/\/archive.sana.sy\/tr\/index.php?rest_route=%2Fwp%2Fv2%2Fcomments&post=24709"}],"version-history":[{"count":0,"href":"https:\/\/archive.sana.sy\/tr\/index.php?rest_route=\/wp\/v2\/posts\/24709\/revisions"}],"wp:featuredmedia":[{"embeddable":true,"href":"https:\/\/archive.sana.sy\/tr\/index.php?rest_route=\/wp\/v2\/media\/24710"}],"wp:attachment":[{"href":"https:\/\/archive.sana.sy\/tr\/index.php?rest_route=%2Fwp%2Fv2%2Fmedia&parent=24709"}],"wp:term":[{"taxonomy":"category","embeddable":true,"href":"https:\/\/archive.sana.sy\/tr\/index.php?rest_route=%2Fwp%2Fv2%2Fcategories&post=24709"},{"taxonomy":"post_tag","embeddable":true,"href":"https:\/\/archive.sana.sy\/tr\/index.php?rest_route=%2Fwp%2Fv2%2Ftags&post=24709"}],"curies":[{"name":"wp","href":"https:\/\/api.w.org\/{rel}","templated":true}]}}