{"id":24712,"date":"2015-02-24T10:49:36","date_gmt":"2015-02-24T08:49:36","guid":{"rendered":"http:\/\/www.sana.sy\/tr\/?p=24712"},"modified":"2015-02-25T10:48:12","modified_gmt":"2015-02-25T08:48:12","slug":"pentagon-kamplarinda-kiraliklari-egitmek-guvenlik-konseyi-kararlarini-asmistir","status":"publish","type":"post","link":"https:\/\/archive.sana.sy\/tr\/?p=24712","title":{"rendered":"Pentagon Kamplar\u0131nda Kiral\u0131klar\u0131 E\u011fitmek G\u00fcvenlik Konseyi Kararlar\u0131n\u0131 A\u015fm\u0131\u015ft\u0131r"},"content":{"rendered":"<p>NEW YORK \u2013 Suriye\u2019nin Birle\u015fmi\u015f Milletler Daimi Temsilcisi Be\u015f\u015far Caferi, BM misak ilkelerine sayg\u0131 duyman\u0131n uluslararas\u0131 d\u00fczeyde hukuk \u00fcst\u00fcnl\u00fc\u011f\u00fcn\u00fcn sa\u011flanmas\u0131, uluslararas\u0131 bar\u0131\u015f ve g\u00fcvenli\u011fi koruma ile \u00f6rg\u00fctteki \u00fcye \u00fclkeler aras\u0131nda s\u0131cak ili\u015fkileri sa\u011flamak oldu\u011funu belirtti.<\/p>\n<p>\u00c7in\u2019in davetiyle BM misak\u0131 ve ilkelerinin maksatlar\u0131na ba\u011fl\u0131l\u0131\u011f\u0131 belirtmekle ilgili uluslararas\u0131 G\u00fcvenlik Konseyinde d\u00fczenlenen a\u00e7\u0131k oturumda yapt\u0131\u011f\u0131 konu\u015fmas\u0131nda Caferi,\u00a0 bu organizasyonun g\u00fcvenilirli\u011fini ve etkinli\u011fini korumak i\u00e7in misaka sayg\u0131n\u0131n garantisine, baz\u0131 \u00e7al\u0131\u015fma yolar\u0131n\u0131 reforme etme di\u011fer baz\u0131lar\u0131n\u0131 da etkinle\u015ftirme yoluyla BM\u2019nin \u00fcye \u00fclkelerin belirledi\u011fi rol\u00fcn\u00fc yerine getirebilmesini sa\u011flama ihtiyac\u0131ndan do\u011fdu\u011funu s\u00f6yledi.<\/p>\n<p><span style=\"color: #0000ff\">BM Y\u00fcr\u00fcy\u00fc\u015f\u00fc Esnas\u0131nda Baz\u0131 \u00dclkeler Taraf\u0131ndan Hegemonyalar\u0131 Alt\u0131na Alma ve \u00c7\u0131karlar\u0131n\u0131n Hizmeti \u0130\u00e7in Edata D\u00f6n\u00fc\u015ft\u00fcr\u00fclmesiyle \u00c7ak\u0131\u015ft\u0131<\/span><\/p>\n<p>Caferi, BM\u2019nin tarihi boyunca a\u011f\u0131rl\u0131\u011f\u0131 olan ve G\u00fcvenlik Konseyine \u00fcye \u00fclkelerin, misak\u0131n ilke ve h\u00fck\u00fcmleri ile di\u011fer \u00fclkelerin \u00e7\u0131karlar\u0131na kulak asmadan,\u00a0 \u00f6rg\u00fct\u00fc hegemonyalar\u0131 alt\u0131na almak ve onu kendi \u00e7\u0131karlar\u0131 ve politikalar\u0131n\u0131n hizmeti yolunda bir edata \u00e7evirmeye \u00e7al\u0131\u015ft\u0131klar\u0131n\u0131 a\u00e7\u0131klad\u0131.<\/p>\n<p>Caferi, baz\u0131 otoriter \u00fclkeler taraf\u0131ndan halihaz\u0131rdaki uygulamalar\u0131n, \u201cbizler BM\u2019nin halklar\u0131y\u0131z\u201d ibaresini \u201cbizler BM\u2019de baz\u0131 belirli \u00fclkeler\u201d ibaresiyle de\u011fi\u015ftirmeye gayret g\u00f6sterdiklerine i\u015faret etti.<\/p>\n<p>Caferi, bu konseydeki belirli \u00fclkelerin BM\u2019nin kurulmas\u0131ndan bu yana g\u00fctt\u00fckleri politikalar sebebiyle misak gere\u011fi uluslararas\u0131 bir \u00e7ok me\u015fruiyet karar\u0131n\u0131 uygulamak i\u00e7in gerekli icraatlar\u0131 almaktan aciz kald\u0131\u011f\u0131n\u0131, bu icraatlardan Suriye\u2019nin Golan ve Arap topraklar\u0131 \u00fczerindeki \u0130srail i\u015fgalini bitirmek i\u00e7in \u00e7a\u011f\u0131ran, i\u015fgal alt\u0131nda ya\u015fayan ve b\u00f6lge \u00fclkelerindeki vatanda\u015flara y\u00f6nelik d\u00fc\u015fmanc\u0131l politikalar\u0131 ve \u0131rk\u00e7\u0131 katliamlar\u0131ndan vazge\u00e7mesi i\u00e7in \u0130srail\u2019in bu kararlara uymas\u0131na mecbur edilmesi gere\u011fini ifade etti.<\/p>\n<p>Caferi, uluslararas\u0131 \u00f6rg\u00fct\u00fcn bug\u00fcn Kaide\u2019ye ba\u011fl\u0131 I\u015e\u0130D ve Nusra Cephesi ile Suriye ve Irak\u2019ta bunlardan t\u00fcreyen \u00f6rg\u00fctler yan\u0131 s\u0131ra, Boko Haram, Do\u011fu T\u00fcrkistan Hareketi, Kafkaslar Emirli\u011fi, Ansarul \u015eeria, Genler hareketi ve di\u011fer \u00f6rg\u00fctlerle temsil olunan ter\u00f6r uzant\u0131s\u0131yla m\u00fccadele i\u00e7in sivil ve askeri yollarla ciddi ve sad\u0131k \u00e7al\u0131\u015fmaya \u00e7a\u011fr\u0131ld\u0131\u011f\u0131n\u0131 vurgulad\u0131.<\/p>\n<p><span style=\"color: #0000ff\">Baz\u0131 \u00dclkelerin Ter\u00f6r\u00fc Kendi D\u0131\u015f Politikalar\u0131n\u0131n Edat\u0131 Olarak Kullanmaya Devam Etmesi Halinde Ter\u00f6rle M\u00fccadelede Herhangi Bir \u00c7aba Ba\u015far\u0131s\u0131zl\u0131kla Sonu\u00e7lanacakt\u0131r<\/span><\/p>\n<p>Caferi, ter\u00f6rle m\u00fccadele yolunda herhangi bir \u00e7aban\u0131n baz\u0131 \u00fclkelerin ter\u00f6r\u00fc misak h\u00fck\u00fcmleri, uluslararas\u0131 kanun ilkeleriyle \u00e7ak\u0131\u015fan ve ilgili \u00fclke h\u00fck\u00fcmetleri ve ilgili cihazlar\u0131yla koordinasyon ve i\u015fbirli\u011fi yapmadan, kendi d\u0131\u015f politikalar\u0131n\u0131n edat\u0131 olarak kullanmaya devam etmesi halinde ba\u015far\u0131s\u0131zl\u0131kla sonu\u00e7lanaca\u011f\u0131n\u0131 bir kez daha yineledi.<\/p>\n<p>Caferi, Suriye ve b\u00f6lgede di\u011fer \u00fclkelerin tan\u0131k oldu\u011fu durumlar\u0131n BM \u00f6rg\u00fct\u00fcn\u00fcn vard\u0131\u011f\u0131 esef verici durumu ortaya \u00e7\u0131kard\u0131\u011f\u0131n\u0131, 5. y\u0131l\u0131na girmeye yakla\u015fan krizin ilk g\u00fcnlerinden beri baz\u0131 \u00fcye \u00fclkelerinin bu platformu Suriye\u2019nin i\u00e7i\u015flerine kar\u0131\u015fmak, krizi t\u0131rmand\u0131rmak ve b\u00fct\u00fcn \u015fekilleriyle ter\u00f6r\u00fc desteklemek, Suriye\u2019deki istikrar\u0131 sarsmak hedefiyle durumlar\u0131n d\u00fczeltilmesi \u00e7abalar\u0131n\u0131 engellemek, g\u00fc\u00e7 ve ter\u00f6r\u00fc kullanarak me\u015fru h\u00fck\u00fcmetini de\u011fi\u015ftirmek i\u00e7in kulland\u0131klar\u0131n\u0131 s\u00f6yledi.<\/p>\n<p>Caferi, baz\u0131 \u00fclkelerin Libya tecr\u00fcbesinde oldu\u011fu gibi insani yalan gerek\u00e7elerle askeri m\u00fcdahaleye ye\u015fil \u0131\u015f\u0131k yakmak i\u00e7in, Suriye halk\u0131na kar\u015f\u0131 tek tarafl\u0131 tedbirler uygulamaya acilen ko\u015ftuklar\u0131n\u0131, bu u\u011furda b\u00fcy\u00fck hatalar i\u015flediklerini bile bile bu \u00fclkelerden hi\u00e7 birinin \u00f6z\u00fcr dahi dilemediklerini, kendilerine utan\u00e7 bizlere de kandan ba\u015fka bir \u015fey getirmeyen bu felaket politikalar\u0131n\u0131 de\u011fi\u015ftirme yolunda hi\u00e7 bir uyan\u0131\u015f g\u00f6r\u00fclmedi\u011fini dile getirdi.<\/p>\n<p><span style=\"color: #0000ff\">G\u00fcvenlik Konseyinde Baz\u0131 Belirli \u00dclkeler, B\u00f6lgedeki Baz\u0131 Rejimleri Ter\u00f6ristleri Toplayarak Suriye ve Irak\u2019a G\u00f6ndermek \u0130\u00e7in \u00c7al\u0131\u015fmaya \u0130tmi\u015ftir<\/span><\/p>\n<p>Caferi, durumlar\u0131n burada durmayaca\u011f\u0131n\u0131 bilakis G\u00fcvenlik Konseyinde baz\u0131 belirli \u00fclkelerin b\u00f6lgedeki baz\u0131 \u00fclke rejimlerini kendi emelleri do\u011frultusunda d\u00fcnyan\u0131n d\u00f6rt bir yan\u0131ndan kana susam\u0131\u015f kiral\u0131k ter\u00f6ristleri toplay\u0131p, silahland\u0131rmalar\u0131 ve finanse etmeleri ard\u0131ndan iddia ettikleri \u00fclkelerini kurmak, Suriye\u2019yi de kom\u015fu \u00fclkelere ve b\u00fct\u00fcn d\u00fcnyaya a\u00e7\u0131lacaklar\u0131 ter\u00f6rleriyle yeni bir kaideye d\u00f6n\u00fc\u015ft\u00fcrme amac\u0131n\u0131 g\u00fctt\u00fcklerini vurgulad\u0131.<\/p>\n<p>Caferi, T\u00fcrk rejiminin bununla yetinmeyerek y\u00fczlerce asker ve askeri ara\u00e7larla Suriye topraklar\u0131 dahiline girmekle Suriye topraklar\u0131na a\u00e7\u0131k bir sald\u0131r\u0131da bulundu\u011funu, bu hareketiyle T\u00fcrkiye\u2019nin b\u00f6lgedeki emelleri ile T\u00fcrk rejimi ile I\u015e\u0130D ter\u00f6r \u00f6rg\u00fct\u00fc aras\u0131nda var olan derin ba\u011flar\u0131 da g\u00f6zler \u00f6n\u00fcne serdi\u011fini s\u00f6yledi.<\/p>\n<p>Caferi, BM\u2019e \u00fcye bu belirli \u00fclkeler bu ihlalleri nas\u0131l tefsir ettiklerini, G\u00fcvenlik Konseyinin bu T\u00fcrk daha \u00f6ncesinde de \u0130srail\u2019in Suriye\u2019ye sald\u0131r\u0131lar\u0131n\u0131 neden k\u0131namad\u0131\u011f\u0131 sorusunu dile getirdi.<\/p>\n<p><span style=\"color: #0000ff\">Pentagon\u2019un G\u00f6zetimi Alt\u0131ndaki Kamplarda Yabanc\u0131 Kiral\u0131klar\u0131n E\u011fitilmesi ve Suriye Devletine Kar\u015f\u0131 Sava\u015fmak \u0130\u00e7in G\u00f6nderilmeleri G\u00fcvenlik Konseyi Kararlar\u0131n\u0131 A\u015fm\u0131\u015ft\u0131r<\/span><\/p>\n<p>Caferi, G\u00fcvenlik Konseyine Suriye\u2019de bir ay i\u00e7erisinde \u00f6ld\u00fcr\u00fclen aralar\u0131nda da Konseye \u00fcye \u00fclkelerden gelen y\u00fczlerce ter\u00f6ristin bulundu\u011fu yabanc\u0131 kiral\u0131k ter\u00f6ristin adlar\u0131n\u0131 i\u00e7eren 500 sayfal\u0131k bir kitap sundu.<\/p>\n<p>Caferi, halen devam etmekte olan ger\u00e7eklerden s\u00f6z ettiklerini, Suriye, Irak ve di\u011fer \u00fclkelerde s\u00f6zde uluslararas\u0131 toplumun acizli\u011fi g\u00f6lgesinde ve d\u00fcnya ter\u00f6rizmini \u00e7al\u0131\u015ft\u0131ranlardan hesap sorulmadan, binlerce insan\u0131n \u00f6lmesinden ac\u0131 duyduklar\u0131n\u0131, e\u011fer BM misak ilkeleri ve uluslararas\u0131 kanun h\u00fck\u00fcmlerine sayg\u0131y\u0131 kendi hesab\u0131ndan \u00e7\u0131kard\u0131ysa, itibari ve ahlaki niteli\u011fini kaybetmi\u015f g\u00fc\u00e7l\u00fclerin zay\u0131flara kar\u015f\u0131 kulland\u0131\u011f\u0131 bir silaha d\u00f6n\u00fc\u015ft\u00fc\u011f\u00fc anlam\u0131na geldi\u011fini vurgulad\u0131.<\/p>\n<p>BM Suriye daimi temsilcisi Caferi, Amerika Savunma Bakanl\u0131\u011f\u0131 Pentagon\u2019un Suudi Arabistan, T\u00fcrkiye, Katar ve \u00dcrd\u00fcn\u2019de g\u00f6zetimi alt\u0131ndaki kamplarda yabanc\u0131 kiral\u0131klar\u0131 e\u011fitmesi ve Suriye devletine kar\u015f\u0131 sava\u015fmak i\u00e7in g\u00f6nderilmelerinin misak\u0131n en basit ilkelerine a\u00e7\u0131k bir ihlal ve ABD\u2019nin g\u00fcvenlik konseyi 2170, 2178, 2195 ve 2199 say\u0131l\u0131 kararlar\u0131n\u0131 gerek\u00e7elendirmesinde yersiz bir a\u015fma oldu\u011funu ifade etti.<\/p>\n<p><a href=\"https:\/\/www.youtube.com\/watch?v=wTPCdz4V0_Y\">https:\/\/www.youtube.com\/watch?v=wTPCdz4V0_Y<\/a><\/p>\n<p>S.\u015e. &#8211; R.H.<\/p>\n","protected":false},"excerpt":{"rendered":"<p>NEW YORK \u2013 Suriye\u2019nin Birle\u015fmi\u015f Milletler Daimi Temsilcisi Be\u015f\u015far Caferi, BM misak ilkelerine sayg\u0131 duyman\u0131n uluslararas\u0131 d\u00fczeyde hukuk \u00fcst\u00fcnl\u00fc\u011f\u00fcn\u00fcn sa\u011flanmas\u0131, uluslararas\u0131 bar\u0131\u015f ve g\u00fcvenli\u011fi koruma ile \u00f6rg\u00fctteki \u00fcye \u00fclkeler aras\u0131nda s\u0131cak ili\u015fkileri sa\u011flamak oldu\u011funu belirtti. \u00c7in\u2019in davetiyle BM misak\u0131 ve ilkelerinin maksatlar\u0131na ba\u011fl\u0131l\u0131\u011f\u0131 belirtmekle ilgili uluslararas\u0131 G\u00fcvenlik Konseyinde d\u00fczenlenen a\u00e7\u0131k oturumda yapt\u0131\u011f\u0131 konu\u015fmas\u0131nda Caferi,\u00a0 bu &hellip;<\/p>\n","protected":false},"author":1,"featured_media":24713,"comment_status":"closed","ping_status":"closed","sticky":false,"template":"","format":"standard","meta":{"footnotes":""},"categories":[458,459,447,2554,2555],"tags":[11800,11799,11801],"class_list":["post-24712","post","type-post","status-publish","format-standard","has-post-thumbnail","","category-dunya1","category-haberler-arap-uluslararasi-politika","category-politika","category-suriye-ve-dunya","category-suriye-ve-turkiye","tag-bm-misak-ilkelerine-saygi-duymanin-uluslararasi-duzeyde-hukuk-ustunlugunun-saglanmasi","tag-pentagon-kamplarinda-kiraliklari-egitmek-guvenlik-konseyi-kararlarini-asmistir-new-york-suriyenin-birlesmis-milletler-daimi-temsilcisi-bessar-caferi","tag-uluslararasi-baris-ve-guvenligi-koruma-ile-orgutteki-uye-ulkeler-arasinda-sicak-iliskileri-saglamak-oldugunu-belirtti"],"_links":{"self":[{"href":"https:\/\/archive.sana.sy\/tr\/index.php?rest_route=\/wp\/v2\/posts\/24712","targetHints":{"allow":["GET"]}}],"collection":[{"href":"https:\/\/archive.sana.sy\/tr\/index.php?rest_route=\/wp\/v2\/posts"}],"about":[{"href":"https:\/\/archive.sana.sy\/tr\/index.php?rest_route=\/wp\/v2\/types\/post"}],"author":[{"embeddable":true,"href":"https:\/\/archive.sana.sy\/tr\/index.php?rest_route=\/wp\/v2\/users\/1"}],"replies":[{"embeddable":true,"href":"https:\/\/archive.sana.sy\/tr\/index.php?rest_route=%2Fwp%2Fv2%2Fcomments&post=24712"}],"version-history":[{"count":0,"href":"https:\/\/archive.sana.sy\/tr\/index.php?rest_route=\/wp\/v2\/posts\/24712\/revisions"}],"wp:featuredmedia":[{"embeddable":true,"href":"https:\/\/archive.sana.sy\/tr\/index.php?rest_route=\/wp\/v2\/media\/24713"}],"wp:attachment":[{"href":"https:\/\/archive.sana.sy\/tr\/index.php?rest_route=%2Fwp%2Fv2%2Fmedia&parent=24712"}],"wp:term":[{"taxonomy":"category","embeddable":true,"href":"https:\/\/archive.sana.sy\/tr\/index.php?rest_route=%2Fwp%2Fv2%2Fcategories&post=24712"},{"taxonomy":"post_tag","embeddable":true,"href":"https:\/\/archive.sana.sy\/tr\/index.php?rest_route=%2Fwp%2Fv2%2Ftags&post=24712"}],"curies":[{"name":"wp","href":"https:\/\/api.w.org\/{rel}","templated":true}]}}