{"id":24715,"date":"2015-02-24T11:23:36","date_gmt":"2015-02-24T09:23:36","guid":{"rendered":"http:\/\/www.sana.sy\/tr\/?p=24715"},"modified":"2015-02-24T11:23:36","modified_gmt":"2015-02-24T09:23:36","slug":"askeri-kaynak-ordu-birliklerimizin-kunaytra-kirsali-neb-el-sahr-bulvari-hamidiye-bati-samadaniye-ve-bureykada-icindeki-teroristlerle-birlikte-bir-kac-arac-ile-birlikte-bir-havan","status":"publish","type":"post","link":"https:\/\/archive.sana.sy\/tr\/?p=24715","title":{"rendered":"Askeri kaynak, ordu birliklerimizin Kunaytra k\u0131rsal\u0131, Neb\u2019 el Sahr Bulvar\u0131, Hamidiye, Bat\u0131 Samadaniye ve Bureyka\u2019da i\u00e7indeki ter\u00f6ristlerle birlikte bir ka\u00e7 ara\u00e7 ile birlikte bir havan rampas\u0131n\u0131 imha ettiklerini s\u00f6yledi."},"content":{"rendered":"<p>Askeri kaynak, ordu birliklerimizin Kunaytra k\u0131rsal\u0131, Neb\u2019 el Sahr Bulvar\u0131, Hamidiye, Bat\u0131 Samadaniye ve Bureyka\u2019da i\u00e7indeki ter\u00f6ristlerle birlikte bir ka\u00e7 ara\u00e7 ile birlikte bir havan rampas\u0131n\u0131 imha ettiklerini s\u00f6yledi.<\/p>\n","protected":false},"excerpt":{"rendered":"<p>Askeri kaynak, ordu birliklerimizin Kunaytra k\u0131rsal\u0131, Neb\u2019 el Sahr Bulvar\u0131, Hamidiye, Bat\u0131 Samadaniye ve Bureyka\u2019da i\u00e7indeki ter\u00f6ristlerle birlikte bir ka\u00e7 ara\u00e7 ile birlikte bir havan rampas\u0131n\u0131 imha ettiklerini s\u00f6yledi.<\/p>\n","protected":false},"author":1,"featured_media":0,"comment_status":"closed","ping_status":"closed","sticky":false,"template":"","format":"standard","meta":{"footnotes":""},"categories":[1],"tags":[1031,11804,3997,11803,11802],"class_list":["post-24715","post","type-post","status-publish","format-standard","","category-news-not-sorted","tag-askeri-kaynak","tag-bati-samadaniye-ve-bureykada-icindeki-teroristlerle-birlikte-bir-kac-arac-ile-birlikte-bir-havan-rampasini-imha-ettiklerini-soyledi","tag-hamidiye","tag-neb-el-sahr-bulvari","tag-ordu-birliklerimizin-kunaytra-kirsali"],"_links":{"self":[{"href":"https:\/\/archive.sana.sy\/tr\/index.php?rest_route=\/wp\/v2\/posts\/24715","targetHints":{"allow":["GET"]}}],"collection":[{"href":"https:\/\/archive.sana.sy\/tr\/index.php?rest_route=\/wp\/v2\/posts"}],"about":[{"href":"https:\/\/archive.sana.sy\/tr\/index.php?rest_route=\/wp\/v2\/types\/post"}],"author":[{"embeddable":true,"href":"https:\/\/archive.sana.sy\/tr\/index.php?rest_route=\/wp\/v2\/users\/1"}],"replies":[{"embeddable":true,"href":"https:\/\/archive.sana.sy\/tr\/index.php?rest_route=%2Fwp%2Fv2%2Fcomments&post=24715"}],"version-history":[{"count":0,"href":"https:\/\/archive.sana.sy\/tr\/index.php?rest_route=\/wp\/v2\/posts\/24715\/revisions"}],"wp:attachment":[{"href":"https:\/\/archive.sana.sy\/tr\/index.php?rest_route=%2Fwp%2Fv2%2Fmedia&parent=24715"}],"wp:term":[{"taxonomy":"category","embeddable":true,"href":"https:\/\/archive.sana.sy\/tr\/index.php?rest_route=%2Fwp%2Fv2%2Fcategories&post=24715"},{"taxonomy":"post_tag","embeddable":true,"href":"https:\/\/archive.sana.sy\/tr\/index.php?rest_route=%2Fwp%2Fv2%2Ftags&post=24715"}],"curies":[{"name":"wp","href":"https:\/\/api.w.org\/{rel}","templated":true}]}}