{"id":247184,"date":"2021-12-11T11:25:50","date_gmt":"2021-12-11T09:25:50","guid":{"rendered":"http:\/\/107.6.182.27\/tr\/?p=247184"},"modified":"2021-12-15T08:12:40","modified_gmt":"2021-12-15T06:12:40","slug":"turk-isgal-gucleri-ve-kiraliklari-el-derdara-koyunu-bombaladi","status":"publish","type":"post","link":"https:\/\/archive.sana.sy\/tr\/?p=247184","title":{"rendered":"T\u00fcrk \u0130\u015fgal G\u00fc\u00e7leri ve Kiral\u0131klar\u0131, El Derdara K\u00f6y\u00fcn\u00fc Bombalad\u0131"},"content":{"rendered":"<p>HASEKE \u2013 T\u00fcrk i\u015fgal g\u00fc\u00e7leri ve kiral\u0131klar\u0131, Haseke k\u0131rsal\u0131n\u0131n kuzeybat\u0131s\u0131nda yer alan Tel Temr il\u00e7esine ba\u011fl\u0131 El Derdara k\u00f6y\u00fcn\u00fc bombalad\u0131.<\/p>\n<p>Yerel kaynaklar SANA muhabirine yapt\u0131\u011f\u0131 a\u00e7\u0131klamada, T\u00fcrk i\u015fgal g\u00fc\u00e7lerinin Haseke k\u0131rsal\u0131n\u0131n kuzeyinde konu\u015flanan ba\u011flant\u0131l\u0131 ter\u00f6r \u00f6rg\u00fctleriyle i\u015fbirli\u011fi i\u00e7inde Tel Temr beldesinin kuzeyindeki El Derdara k\u00f6y\u00fcn\u00fc a\u011f\u0131r toplarla bombalad\u0131\u011f\u0131n\u0131 belirtti.<\/p>\n<p>Muhabir, s\u00f6z konusu sald\u0131r\u0131lar\u0131n sonucunda, \u00e7ok say\u0131da vatanda\u015f\u0131n evinde ve kamu m\u00fclklerde maddi hasara neden oldu\u011funa i\u015faret etti.<\/p>\n","protected":false},"excerpt":{"rendered":"<p>HASEKE \u2013 T\u00fcrk i\u015fgal g\u00fc\u00e7leri ve kiral\u0131klar\u0131, Haseke k\u0131rsal\u0131n\u0131n kuzeybat\u0131s\u0131nda yer alan Tel Temr il\u00e7esine ba\u011fl\u0131 El Derdara k\u00f6y\u00fcn\u00fc bombalad\u0131. Yerel kaynaklar SANA muhabirine yapt\u0131\u011f\u0131 a\u00e7\u0131klamada, T\u00fcrk i\u015fgal g\u00fc\u00e7lerinin Haseke k\u0131rsal\u0131n\u0131n kuzeyinde konu\u015flanan ba\u011flant\u0131l\u0131 ter\u00f6r \u00f6rg\u00fctleriyle i\u015fbirli\u011fi i\u00e7inde Tel Temr beldesinin kuzeyindeki El Derdara k\u00f6y\u00fcn\u00fc a\u011f\u0131r toplarla bombalad\u0131\u011f\u0131n\u0131 belirtti. Muhabir, s\u00f6z konusu sald\u0131r\u0131lar\u0131n sonucunda, \u00e7ok &hellip;<\/p>\n","protected":false},"author":36,"featured_media":247186,"comment_status":"closed","ping_status":"closed","sticky":false,"template":"","format":"standard","meta":{"footnotes":""},"categories":[479,575,17988,2554,2555,478],"tags":[],"class_list":["post-247184","post","type-post","status-publish","format-standard","has-post-thumbnail","","category-haberler-yerel","category-olaylar-ve-gercekler","category-son-haberler","category-suriye-ve-dunya","category-suriye-ve-turkiye","category-yerel"],"_links":{"self":[{"href":"https:\/\/archive.sana.sy\/tr\/index.php?rest_route=\/wp\/v2\/posts\/247184","targetHints":{"allow":["GET"]}}],"collection":[{"href":"https:\/\/archive.sana.sy\/tr\/index.php?rest_route=\/wp\/v2\/posts"}],"about":[{"href":"https:\/\/archive.sana.sy\/tr\/index.php?rest_route=\/wp\/v2\/types\/post"}],"author":[{"embeddable":true,"href":"https:\/\/archive.sana.sy\/tr\/index.php?rest_route=\/wp\/v2\/users\/36"}],"replies":[{"embeddable":true,"href":"https:\/\/archive.sana.sy\/tr\/index.php?rest_route=%2Fwp%2Fv2%2Fcomments&post=247184"}],"version-history":[{"count":0,"href":"https:\/\/archive.sana.sy\/tr\/index.php?rest_route=\/wp\/v2\/posts\/247184\/revisions"}],"wp:featuredmedia":[{"embeddable":true,"href":"https:\/\/archive.sana.sy\/tr\/index.php?rest_route=\/wp\/v2\/media\/247186"}],"wp:attachment":[{"href":"https:\/\/archive.sana.sy\/tr\/index.php?rest_route=%2Fwp%2Fv2%2Fmedia&parent=247184"}],"wp:term":[{"taxonomy":"category","embeddable":true,"href":"https:\/\/archive.sana.sy\/tr\/index.php?rest_route=%2Fwp%2Fv2%2Fcategories&post=247184"},{"taxonomy":"post_tag","embeddable":true,"href":"https:\/\/archive.sana.sy\/tr\/index.php?rest_route=%2Fwp%2Fv2%2Ftags&post=247184"}],"curies":[{"name":"wp","href":"https:\/\/api.w.org\/{rel}","templated":true}]}}