{"id":24720,"date":"2015-02-24T12:05:46","date_gmt":"2015-02-24T10:05:46","guid":{"rendered":"http:\/\/www.sana.sy\/tr\/?p=24720"},"modified":"2015-02-24T12:05:46","modified_gmt":"2015-02-24T10:05:46","slug":"irak-guvenlik-gucleri-ramadide-23-isid-teroristini-oldurdu","status":"publish","type":"post","link":"https:\/\/archive.sana.sy\/tr\/?p=24720","title":{"rendered":"Irak G\u00fcvenlik G\u00fc\u00e7leri Ramadi\u2019de 23 I\u015e\u0130D Ter\u00f6ristini \u00d6ld\u00fcrd\u00fc"},"content":{"rendered":"<p>BA\u011eDAT \u2013 Irak polis g\u00fc\u00e7lerinin Ramadi kenti ortalar\u0131ndaki h\u00fck\u00fcmet binas\u0131na s\u0131zmaya \u00e7al\u0131\u015ft\u0131klar\u0131 s\u0131rada kulland\u0131klar\u0131 t\u00fcneli patlatmalar\u0131 sonucunda 23 I\u015e\u0130D ter\u00f6risti \u00f6ld\u00fcr\u00fcld\u00fc.<\/p>\n<p>Somariye News Anbar \u0130li Polis kayna\u011f\u0131ndan naklen, yerel polis g\u00fc\u00e7lerinden bir g\u00fcc\u00fcn d\u00fcn gece ge\u00e7 saatlerde, I\u015e\u0130D ter\u00f6r \u00f6rg\u00fct\u00fcn\u00fcn Ramadi kenti ortalar\u0131ndaki h\u00fck\u00fcmet binas\u0131na s\u0131zmak i\u00e7in kullanacaklar\u0131 ve el Hovz b\u00f6lgesinde kaz\u0131d\u0131klar\u0131 t\u00fcnele vard\u0131klar\u0131n\u0131 belirtti.<\/p>\n<p>Ad\u0131n\u0131n zikredilmesini istemeyen kaynak, polis g\u00fc\u00e7lerinin t\u00fcnel dahiline \u015fiddetli patlama etkisine sahip d\u00fczenekleri 700 m uzunlu\u011fundaki t\u00fcnel dahiline yerle\u015ftirdiklerini, onlarca \u00f6rg\u00fct eleman\u0131n\u0131n t\u00fcnel dahilinde olmalar\u0131yla birlikte patlat\u0131ld\u0131\u011f\u0131n\u0131 bunun sonucunda 23 ter\u00f6ristin \u00f6ld\u00fc\u011f\u00fcn\u00fc di\u011fer baz\u0131lar\u0131n\u0131n ise yaraland\u0131klar\u0131n\u0131 s\u00f6yledi.<\/p>\n<p>Kaynak, Irak g\u00fc\u00e7lerinin h\u00fck\u00fcmet binas\u0131n\u0131 ellerinde bulundurduklar\u0131n\u0131 ter\u00f6r \u00f6rg\u00fct\u00fcn\u00fcn sald\u0131r\u0131lar\u0131 \u00f6n\u00fcnde de bir koruma duvar\u0131n\u0131n bulundu\u011funu ifade etti.<\/p>\n<p>I\u015e\u0130D ter\u00f6r \u00f6rg\u00fct\u00fc Ramadi kenti ortalar\u0131ndaki h\u00fck\u00fcmet binas\u0131n\u0131 ele ge\u00e7irmeye \u00e7al\u0131\u015ft\u0131\u011f\u0131 ancak g\u00fcvenlik ve a\u015firet birimleri s\u00f6z konusu sald\u0131r\u0131lar\u0131 \u00e7\u00f6kertti\u011fi \u00f6rg\u00fct saflar\u0131nda da a\u011f\u0131r kay\u0131plara neden olduklar\u0131 belirtiliyor.<\/p>\n<p>S.\u015e. &#8211; R.H.<\/p>\n","protected":false},"excerpt":{"rendered":"<p>BA\u011eDAT \u2013 Irak polis g\u00fc\u00e7lerinin Ramadi kenti ortalar\u0131ndaki h\u00fck\u00fcmet binas\u0131na s\u0131zmaya \u00e7al\u0131\u015ft\u0131klar\u0131 s\u0131rada kulland\u0131klar\u0131 t\u00fcneli patlatmalar\u0131 sonucunda 23 I\u015e\u0130D ter\u00f6risti \u00f6ld\u00fcr\u00fcld\u00fc. Somariye News Anbar \u0130li Polis kayna\u011f\u0131ndan naklen, yerel polis g\u00fc\u00e7lerinden bir g\u00fcc\u00fcn d\u00fcn gece ge\u00e7 saatlerde, I\u015e\u0130D ter\u00f6r \u00f6rg\u00fct\u00fcn\u00fcn Ramadi kenti ortalar\u0131ndaki h\u00fck\u00fcmet binas\u0131na s\u0131zmak i\u00e7in kullanacaklar\u0131 ve el Hovz b\u00f6lgesinde kaz\u0131d\u0131klar\u0131 t\u00fcnele vard\u0131klar\u0131n\u0131 &hellip;<\/p>\n","protected":false},"author":1,"featured_media":24721,"comment_status":"closed","ping_status":"closed","sticky":false,"template":"","format":"standard","meta":{"footnotes":""},"categories":[458,459,447],"tags":[11805],"class_list":["post-24720","post","type-post","status-publish","format-standard","has-post-thumbnail","","category-dunya1","category-haberler-arap-uluslararasi-politika","category-politika","tag-irak-guvenlik-gucleri-ramadide-23-isid-teroristini-oldurdu-bagdat-irak-polis-guclerinin-ramadi-kenti-ortalarindaki-hukumet-binasina-sizmaya-calistiklari-sirada-kullandiklari-tuneli"],"_links":{"self":[{"href":"https:\/\/archive.sana.sy\/tr\/index.php?rest_route=\/wp\/v2\/posts\/24720","targetHints":{"allow":["GET"]}}],"collection":[{"href":"https:\/\/archive.sana.sy\/tr\/index.php?rest_route=\/wp\/v2\/posts"}],"about":[{"href":"https:\/\/archive.sana.sy\/tr\/index.php?rest_route=\/wp\/v2\/types\/post"}],"author":[{"embeddable":true,"href":"https:\/\/archive.sana.sy\/tr\/index.php?rest_route=\/wp\/v2\/users\/1"}],"replies":[{"embeddable":true,"href":"https:\/\/archive.sana.sy\/tr\/index.php?rest_route=%2Fwp%2Fv2%2Fcomments&post=24720"}],"version-history":[{"count":0,"href":"https:\/\/archive.sana.sy\/tr\/index.php?rest_route=\/wp\/v2\/posts\/24720\/revisions"}],"wp:featuredmedia":[{"embeddable":true,"href":"https:\/\/archive.sana.sy\/tr\/index.php?rest_route=\/wp\/v2\/media\/24721"}],"wp:attachment":[{"href":"https:\/\/archive.sana.sy\/tr\/index.php?rest_route=%2Fwp%2Fv2%2Fmedia&parent=24720"}],"wp:term":[{"taxonomy":"category","embeddable":true,"href":"https:\/\/archive.sana.sy\/tr\/index.php?rest_route=%2Fwp%2Fv2%2Fcategories&post=24720"},{"taxonomy":"post_tag","embeddable":true,"href":"https:\/\/archive.sana.sy\/tr\/index.php?rest_route=%2Fwp%2Fv2%2Ftags&post=24720"}],"curies":[{"name":"wp","href":"https:\/\/api.w.org\/{rel}","templated":true}]}}