{"id":247203,"date":"2021-12-12T13:19:13","date_gmt":"2021-12-12T11:19:13","guid":{"rendered":"http:\/\/107.6.182.27\/tr\/?p=247203"},"modified":"2021-12-15T08:13:01","modified_gmt":"2021-12-15T06:13:01","slug":"halep-kirsalindaki-hirbet-el-hayat-beldesi-ahalisi-turk-isgaline-karsi-protesto-yapti","status":"publish","type":"post","link":"https:\/\/archive.sana.sy\/tr\/?p=247203","title":{"rendered":"Halep K\u0131rsal\u0131ndaki Hirbet El Hayat Beldesi Ahalisi T\u00fcrk \u0130\u015fgaline Kar\u015f\u0131 Protesto Yapt\u0131"},"content":{"rendered":"<p>HALEP \u2013 Halep k\u0131rsal\u0131n\u0131n kuzeyinde yer alan Hirbet El Hayat k\u00f6y\u00fc halk\u0131, T\u00fcrk i\u015fgalini ve ter\u00f6rist \u00e7etelerini reddeden protesto g\u00f6sterisi d\u00fczenlendi.<\/p>\n<p>Halep SANA muhabiri, Hirbet El Hayat ve \u00e7evresindeki bir\u00e7ok k\u00f6y halk\u0131n\u0131n, T\u00fcrk i\u015fgalini ve ter\u00f6rist \u00e7etelerini reddeden ve Suriye vatanda\u015flar\u0131na y\u00f6nelik vah\u015fi sald\u0131r\u0131lar\u0131n\u0131 k\u0131nayan protesto g\u00f6sterisi d\u00fczenlediklerini belirtti.<\/p>\n<p>G\u00f6steriye kat\u0131lanlar, ulusal bayra\u011f\u0131 ve g\u00fcvenli b\u00f6lgelere y\u00f6nelik neredeyse her g\u00fcn d\u00fczenlenen ter\u00f6r sald\u0131r\u0131lar\u0131n\u0131 k\u0131nayan ve T\u00fcrkiye&#8217;nin Suriye topraklar\u0131na y\u00f6nelik sald\u0131rganl\u0131\u011f\u0131n\u0131n uluslararas\u0131 yasa ve yasalar\u0131n a\u00e7\u0131k bir ihlali oldu\u011funa i\u015faret eden pankartlar\u0131 kald\u0131rd\u0131lar<\/p>\n","protected":false},"excerpt":{"rendered":"<p>HALEP \u2013 Halep k\u0131rsal\u0131n\u0131n kuzeyinde yer alan Hirbet El Hayat k\u00f6y\u00fc halk\u0131, T\u00fcrk i\u015fgalini ve ter\u00f6rist \u00e7etelerini reddeden protesto g\u00f6sterisi d\u00fczenlendi. Halep SANA muhabiri, Hirbet El Hayat ve \u00e7evresindeki bir\u00e7ok k\u00f6y halk\u0131n\u0131n, T\u00fcrk i\u015fgalini ve ter\u00f6rist \u00e7etelerini reddeden ve Suriye vatanda\u015flar\u0131na y\u00f6nelik vah\u015fi sald\u0131r\u0131lar\u0131n\u0131 k\u0131nayan protesto g\u00f6sterisi d\u00fczenlediklerini belirtti. G\u00f6steriye kat\u0131lanlar, ulusal bayra\u011f\u0131 ve g\u00fcvenli &hellip;<\/p>\n","protected":false},"author":36,"featured_media":247204,"comment_status":"closed","ping_status":"closed","sticky":false,"template":"","format":"standard","meta":{"footnotes":""},"categories":[479,575,17988,478],"tags":[],"class_list":["post-247203","post","type-post","status-publish","format-standard","has-post-thumbnail","","category-haberler-yerel","category-olaylar-ve-gercekler","category-son-haberler","category-yerel"],"_links":{"self":[{"href":"https:\/\/archive.sana.sy\/tr\/index.php?rest_route=\/wp\/v2\/posts\/247203","targetHints":{"allow":["GET"]}}],"collection":[{"href":"https:\/\/archive.sana.sy\/tr\/index.php?rest_route=\/wp\/v2\/posts"}],"about":[{"href":"https:\/\/archive.sana.sy\/tr\/index.php?rest_route=\/wp\/v2\/types\/post"}],"author":[{"embeddable":true,"href":"https:\/\/archive.sana.sy\/tr\/index.php?rest_route=\/wp\/v2\/users\/36"}],"replies":[{"embeddable":true,"href":"https:\/\/archive.sana.sy\/tr\/index.php?rest_route=%2Fwp%2Fv2%2Fcomments&post=247203"}],"version-history":[{"count":0,"href":"https:\/\/archive.sana.sy\/tr\/index.php?rest_route=\/wp\/v2\/posts\/247203\/revisions"}],"wp:featuredmedia":[{"embeddable":true,"href":"https:\/\/archive.sana.sy\/tr\/index.php?rest_route=\/wp\/v2\/media\/247204"}],"wp:attachment":[{"href":"https:\/\/archive.sana.sy\/tr\/index.php?rest_route=%2Fwp%2Fv2%2Fmedia&parent=247203"}],"wp:term":[{"taxonomy":"category","embeddable":true,"href":"https:\/\/archive.sana.sy\/tr\/index.php?rest_route=%2Fwp%2Fv2%2Fcategories&post=247203"},{"taxonomy":"post_tag","embeddable":true,"href":"https:\/\/archive.sana.sy\/tr\/index.php?rest_route=%2Fwp%2Fv2%2Ftags&post=247203"}],"curies":[{"name":"wp","href":"https:\/\/api.w.org\/{rel}","templated":true}]}}