{"id":247206,"date":"2021-12-12T14:32:32","date_gmt":"2021-12-12T12:32:32","guid":{"rendered":"http:\/\/107.6.182.27\/tr\/?p=247206"},"modified":"2021-12-16T08:24:43","modified_gmt":"2021-12-16T06:24:43","slug":"al-kudud-al-halebiyye-halep-sehrinin-geleneksel-ve-muzikal-sarkilari","status":"publish","type":"post","link":"https:\/\/archive.sana.sy\/tr\/?p=247206","title":{"rendered":"Al Kudud Al Halebiyye\u2026 Halep \u015eehrinin Geleneksel Ve M\u00fczikal \u015eark\u0131lar\u0131"},"content":{"rendered":"<p>HALEP \u2013 Halep \u015fehrinin m\u00fczikallar\u0131ndan Al Kudud Al Halebiyye Suriye m\u00fczi\u011finin taht\u0131na oturdu\u011funda, m\u00fczik Suriye k\u00fclt\u00fcrel kimli\u011finin somut ve somut olmayan miras\u0131nda \u00f6nemli bir yer tutmaktad\u0131r.<\/p>\n<p>Bu t\u00fcr \u015fark\u0131lar, \u015fark\u0131c\u0131lar ve oyuncular taraf\u0131ndan k\u00fclt\u00fcrel uluslararas\u0131 forumlara ta\u015f\u0131nd\u0131.<\/p>\n<p>Bu g\u00fcnlerde Suriye, Suriye Kalk\u0131nma Vakf\u0131, Halep&#8217;teki yerel halk, devlet kurumlar\u0131, uzmanlar ve en \u00fcstte manevi ve bilimsel destek sa\u011flayan ve kariyerinin bir b\u00f6l\u00fcm\u00fcnde bu dosyan\u0131n zenginle\u015ftirilmesine katk\u0131da bulunan merhum \u015fark\u0131c\u0131 Sabah Fahri ile i\u015fbirli\u011fi i\u00e7inde, 2018 y\u0131l\u0131ndan bu yana yo\u011fun ve sistemli bir \u00e7al\u0131\u015fman\u0131n ard\u0131ndan UNESCO \u0130nsanl\u0131\u011f\u0131n Somut Olmayan K\u00fclt\u00fcrel Miras\u0131 Temsili Listesi&#8217;ne kaydedilmek \u00fczere Al Kudud Al Halebiyye dosyas\u0131n\u0131n meyvelerini almaya haz\u0131r.<\/p>\n<p>Y\u00fcksek M\u00fczik Enstit\u00fcs\u00fc Rekt\u00f6r\u00fc Adnan Fathallah SANA&#8217;ya yapt\u0131\u011f\u0131 a\u00e7\u0131klamada, Homs \u015fehrinden \u015fair ve m\u00fczisyen \u015eeyh Emin El Cundi&#8217;nin Kudud fikrinin ilk yarat\u0131c\u0131s\u0131 oldu\u011funu ve Arap k\u00fclt\u00fcr\u00fcn\u00fcn temel direklerinden biri olarak kabul edildi\u011fini belirtti.<\/p>\n<p>Kudud, Klasik Arap\u00e7a \u015fark\u0131 s\u00f6zlerini, a\u011f\u0131rl\u0131kl\u0131 olarak Halepli m\u00fczisyenler taraf\u0131ndan toplanan eski dini melodilerle birle\u015ftiren geleneksel Suriye \u015fark\u0131lar\u0131d\u0131r.<\/p>\n<p>Bu geleneksel \u015fark\u0131lar, Halep \u015fehri ile s\u0131n\u0131rl\u0131 de\u011fildi Homs, \u015eam, k\u0131y\u0131 \u015fark\u0131ler\u0131 ve di\u011ferleri da var, ancak uzmanlar, El \u015eahba ile olan ili\u015fkisinin nedenini, Halep&#8217;in \u00e7a\u011flar boyunca ger\u00e7ek bir \u015fark\u0131 s\u00f6yleme okulu olmas\u0131 nedeniyle ba\u011fl\u0131yorlar.<\/p>\n","protected":false},"excerpt":{"rendered":"<p>HALEP \u2013 Halep \u015fehrinin m\u00fczikallar\u0131ndan Al Kudud Al Halebiyye Suriye m\u00fczi\u011finin taht\u0131na oturdu\u011funda, m\u00fczik Suriye k\u00fclt\u00fcrel kimli\u011finin somut ve somut olmayan miras\u0131nda \u00f6nemli bir yer tutmaktad\u0131r. Bu t\u00fcr \u015fark\u0131lar, \u015fark\u0131c\u0131lar ve oyuncular taraf\u0131ndan k\u00fclt\u00fcrel uluslararas\u0131 forumlara ta\u015f\u0131nd\u0131. Bu g\u00fcnlerde Suriye, Suriye Kalk\u0131nma Vakf\u0131, Halep&#8217;teki yerel halk, devlet kurumlar\u0131, uzmanlar ve en \u00fcstte manevi ve bilimsel &hellip;<\/p>\n","protected":false},"author":36,"featured_media":247207,"comment_status":"closed","ping_status":"closed","sticky":false,"template":"","format":"standard","meta":{"footnotes":""},"categories":[516,479,511,17988,478],"tags":[],"class_list":["post-247206","post","type-post","status-publish","format-standard","has-post-thumbnail","","category-haberler-kultur-ve-sanat","category-haberler-yerel","category-kultur-ve-sanat","category-son-haberler","category-yerel"],"_links":{"self":[{"href":"https:\/\/archive.sana.sy\/tr\/index.php?rest_route=\/wp\/v2\/posts\/247206","targetHints":{"allow":["GET"]}}],"collection":[{"href":"https:\/\/archive.sana.sy\/tr\/index.php?rest_route=\/wp\/v2\/posts"}],"about":[{"href":"https:\/\/archive.sana.sy\/tr\/index.php?rest_route=\/wp\/v2\/types\/post"}],"author":[{"embeddable":true,"href":"https:\/\/archive.sana.sy\/tr\/index.php?rest_route=\/wp\/v2\/users\/36"}],"replies":[{"embeddable":true,"href":"https:\/\/archive.sana.sy\/tr\/index.php?rest_route=%2Fwp%2Fv2%2Fcomments&post=247206"}],"version-history":[{"count":0,"href":"https:\/\/archive.sana.sy\/tr\/index.php?rest_route=\/wp\/v2\/posts\/247206\/revisions"}],"wp:featuredmedia":[{"embeddable":true,"href":"https:\/\/archive.sana.sy\/tr\/index.php?rest_route=\/wp\/v2\/media\/247207"}],"wp:attachment":[{"href":"https:\/\/archive.sana.sy\/tr\/index.php?rest_route=%2Fwp%2Fv2%2Fmedia&parent=247206"}],"wp:term":[{"taxonomy":"category","embeddable":true,"href":"https:\/\/archive.sana.sy\/tr\/index.php?rest_route=%2Fwp%2Fv2%2Fcategories&post=247206"},{"taxonomy":"post_tag","embeddable":true,"href":"https:\/\/archive.sana.sy\/tr\/index.php?rest_route=%2Fwp%2Fv2%2Ftags&post=247206"}],"curies":[{"name":"wp","href":"https:\/\/api.w.org\/{rel}","templated":true}]}}