{"id":247210,"date":"2021-12-13T12:48:16","date_gmt":"2021-12-13T10:48:16","guid":{"rendered":"http:\/\/107.6.182.27\/tr\/?p=247210"},"modified":"2021-12-15T08:09:12","modified_gmt":"2021-12-15T06:09:12","slug":"deyrezzorun-dogusunda-amerikan-isgalinin-operasyonunda-uc-sivil-sehit-dustu","status":"publish","type":"post","link":"https:\/\/archive.sana.sy\/tr\/?p=247210","title":{"rendered":"Deyrezzor\u2019un Do\u011fusunda Amerikan \u0130\u015fgalinin Operasyonunda \u00dc\u00e7 Sivil \u015eehit D\u00fc\u015ft\u00fc"},"content":{"rendered":"<p style=\"text-align: justify;\">DEYREZZOR \u2013 \u0130\u015fgalci Amerikan g\u00fc\u00e7lerinin bug\u00fcn Deyrezzor k\u0131rsal\u0131n\u0131n do\u011fusundaki el Buseyra Kenti\u2019nde ger\u00e7ekle\u015ftirdikleri hava operasyonu s\u0131ras\u0131nda \u00fc\u00e7 sivil \u015fehit d\u00fc\u015ft\u00fc.<\/p>\n<p style=\"text-align: justify;\">Yerel kaynaklar SANA muhabirine, Amerikan i\u015fgaline ait helikopterlerin bug\u00fcn sabah saatlerinde Deyrezzor k\u0131rsal\u0131n\u0131n do\u011fusunda yer alan el Buseyra Kentinde \u201cDSG\u201d milislerinin kat\u0131l\u0131m\u0131yla airdrop operasyonu ger\u00e7ekle\u015ftirdiklerini belirtti. Kaynaklar, bask\u0131n s\u0131ras\u0131nda a\u00e7\u0131lan canl\u0131 at\u0131\u015f sonucu \u00fc\u00e7 sivil vatanda\u015f\u0131n \u015fehit d\u00fc\u015ft\u00fc\u011f\u00fcn\u00fc s\u00f6zlerine ekledi.<\/p>\n<p style=\"text-align: justify;\">Kaynaklar, Amerikan i\u015fgal g\u00fcn\u00e7lerinin bask\u0131n s\u0131ras\u0131nda birka\u00e7 \u015fehir sakini ka\u00e7\u0131r\u0131p bilinmeyen y\u00f6ne g\u00f6t\u00fcrd\u00fcklerine i\u015faret etti.<\/p>\n<p style=\"text-align: justify;\">P.M.<\/p>\n","protected":false},"excerpt":{"rendered":"<p>DEYREZZOR \u2013 \u0130\u015fgalci Amerikan g\u00fc\u00e7lerinin bug\u00fcn Deyrezzor k\u0131rsal\u0131n\u0131n do\u011fusundaki el Buseyra Kenti\u2019nde ger\u00e7ekle\u015ftirdikleri hava operasyonu s\u0131ras\u0131nda \u00fc\u00e7 sivil \u015fehit d\u00fc\u015ft\u00fc. Yerel kaynaklar SANA muhabirine, Amerikan i\u015fgaline ait helikopterlerin bug\u00fcn sabah saatlerinde Deyrezzor k\u0131rsal\u0131n\u0131n do\u011fusunda yer alan el Buseyra Kentinde \u201cDSG\u201d milislerinin kat\u0131l\u0131m\u0131yla airdrop operasyonu ger\u00e7ekle\u015ftirdiklerini belirtti. Kaynaklar, bask\u0131n s\u0131ras\u0131nda a\u00e7\u0131lan canl\u0131 at\u0131\u015f sonucu \u00fc\u00e7 sivil &hellip;<\/p>\n","protected":false},"author":1,"featured_media":247211,"comment_status":"closed","ping_status":"closed","sticky":false,"template":"","format":"standard","meta":{"footnotes":""},"categories":[479,575,17988,478],"tags":[],"class_list":["post-247210","post","type-post","status-publish","format-standard","has-post-thumbnail","","category-haberler-yerel","category-olaylar-ve-gercekler","category-son-haberler","category-yerel"],"_links":{"self":[{"href":"https:\/\/archive.sana.sy\/tr\/index.php?rest_route=\/wp\/v2\/posts\/247210","targetHints":{"allow":["GET"]}}],"collection":[{"href":"https:\/\/archive.sana.sy\/tr\/index.php?rest_route=\/wp\/v2\/posts"}],"about":[{"href":"https:\/\/archive.sana.sy\/tr\/index.php?rest_route=\/wp\/v2\/types\/post"}],"author":[{"embeddable":true,"href":"https:\/\/archive.sana.sy\/tr\/index.php?rest_route=\/wp\/v2\/users\/1"}],"replies":[{"embeddable":true,"href":"https:\/\/archive.sana.sy\/tr\/index.php?rest_route=%2Fwp%2Fv2%2Fcomments&post=247210"}],"version-history":[{"count":0,"href":"https:\/\/archive.sana.sy\/tr\/index.php?rest_route=\/wp\/v2\/posts\/247210\/revisions"}],"wp:featuredmedia":[{"embeddable":true,"href":"https:\/\/archive.sana.sy\/tr\/index.php?rest_route=\/wp\/v2\/media\/247211"}],"wp:attachment":[{"href":"https:\/\/archive.sana.sy\/tr\/index.php?rest_route=%2Fwp%2Fv2%2Fmedia&parent=247210"}],"wp:term":[{"taxonomy":"category","embeddable":true,"href":"https:\/\/archive.sana.sy\/tr\/index.php?rest_route=%2Fwp%2Fv2%2Fcategories&post=247210"},{"taxonomy":"post_tag","embeddable":true,"href":"https:\/\/archive.sana.sy\/tr\/index.php?rest_route=%2Fwp%2Fv2%2Ftags&post=247210"}],"curies":[{"name":"wp","href":"https:\/\/api.w.org\/{rel}","templated":true}]}}