{"id":247213,"date":"2021-12-13T12:51:30","date_gmt":"2021-12-13T10:51:30","guid":{"rendered":"http:\/\/107.6.182.27\/tr\/?p=247213"},"modified":"2021-12-15T08:09:24","modified_gmt":"2021-12-15T06:09:24","slug":"deyrezzorda-yasal-durumlarin-cozme-sureci-devam-ediyor","status":"publish","type":"post","link":"https:\/\/archive.sana.sy\/tr\/?p=247213","title":{"rendered":"Deyrezzor\u2019da Yasal Durumlar\u0131n \u00c7\u00f6zme S\u00fcreci Devam Ediyor"},"content":{"rendered":"<p style=\"text-align: justify;\">DEYREZZOR \u2013 Deyrezzor \u0130li\u2019nde devlet taraf\u0131ndan ba\u015flat\u0131lan ulusal anla\u015fma giri\u015fimi \u00e7er\u00e7evesinde ilin farkl\u0131 b\u00f6lgeleri dahil olmak \u00fczere bug\u00fcn el Bukamal Kenti\u2019nde yasal durumlar\u0131n \u00e7\u00f6zme i\u015flemleri devam ediliyor.<\/p>\n<p style=\"text-align: justify;\">El Bukamal\u2019da bulunan SANA muhabiri, el Buakamal anla\u015fma merkezinin g\u00fcnl\u00fck olarak y\u00fczlerce vatanda\u015f\u0131 Kabul etti\u011fini belirtti.<\/p>\n<p style=\"text-align: justify;\">Yasal s\u00fcreci, aranan sivilleri ve zorunlu ve yedek askeri hizmetlerden ayr\u0131lan askerden ka\u00e7anlar\u0131 kaps\u0131yor.<\/p>\n<p style=\"text-align: justify;\">P.M.<\/p>\n<div id='gallery-1' class='gallery galleryid-247213 gallery-columns-2 gallery-size-full'><figure class='gallery-item'>\n\t\t\t<div class='gallery-icon landscape'>\n\t\t\t\t<a href='https:\/\/archive.sana.sy\/tr\/wp-content\/uploads\/2021\/12\/der12.jpg'><img loading=\"lazy\" decoding=\"async\" width=\"700\" height=\"413\" src=\"https:\/\/archive.sana.sy\/tr\/wp-content\/uploads\/2021\/12\/der12.jpg\" class=\"attachment-full size-full\" alt=\"\" srcset=\"https:\/\/archive.sana.sy\/tr\/wp-content\/uploads\/2021\/12\/der12.jpg 700w, https:\/\/archive.sana.sy\/tr\/wp-content\/uploads\/2021\/12\/der12-300x177.jpg 300w, https:\/\/archive.sana.sy\/tr\/wp-content\/uploads\/2021\/12\/der12-150x89.jpg 150w\" sizes=\"auto, (max-width: 700px) 100vw, 700px\" \/><\/a>\n\t\t\t<\/div><\/figure><figure class='gallery-item'>\n\t\t\t<div class='gallery-icon landscape'>\n\t\t\t\t<a href='https:\/\/archive.sana.sy\/tr\/wp-content\/uploads\/2021\/12\/der13.jpg'><img loading=\"lazy\" decoding=\"async\" width=\"700\" height=\"396\" src=\"https:\/\/archive.sana.sy\/tr\/wp-content\/uploads\/2021\/12\/der13.jpg\" class=\"attachment-full size-full\" alt=\"\" srcset=\"https:\/\/archive.sana.sy\/tr\/wp-content\/uploads\/2021\/12\/der13.jpg 700w, https:\/\/archive.sana.sy\/tr\/wp-content\/uploads\/2021\/12\/der13-300x170.jpg 300w, https:\/\/archive.sana.sy\/tr\/wp-content\/uploads\/2021\/12\/der13-150x85.jpg 150w\" sizes=\"auto, (max-width: 700px) 100vw, 700px\" \/><\/a>\n\t\t\t<\/div><\/figure>\n\t\t<\/div>\n\n","protected":false},"excerpt":{"rendered":"<p>DEYREZZOR \u2013 Deyrezzor \u0130li\u2019nde devlet taraf\u0131ndan ba\u015flat\u0131lan ulusal anla\u015fma giri\u015fimi \u00e7er\u00e7evesinde ilin farkl\u0131 b\u00f6lgeleri dahil olmak \u00fczere bug\u00fcn el Bukamal Kenti\u2019nde yasal durumlar\u0131n \u00e7\u00f6zme i\u015flemleri devam ediliyor. El Bukamal\u2019da bulunan SANA muhabiri, el Buakamal anla\u015fma merkezinin g\u00fcnl\u00fck olarak y\u00fczlerce vatanda\u015f\u0131 Kabul etti\u011fini belirtti. Yasal s\u00fcreci, aranan sivilleri ve zorunlu ve yedek askeri hizmetlerden ayr\u0131lan askerden &hellip;<\/p>\n","protected":false},"author":1,"featured_media":247214,"comment_status":"closed","ping_status":"closed","sticky":false,"template":"","format":"standard","meta":{"footnotes":""},"categories":[596,479,17988,478],"tags":[],"class_list":["post-247213","post","type-post","status-publish","format-standard","has-post-thumbnail","","category-fotografli-raporlar","category-haberler-yerel","category-son-haberler","category-yerel"],"_links":{"self":[{"href":"https:\/\/archive.sana.sy\/tr\/index.php?rest_route=\/wp\/v2\/posts\/247213","targetHints":{"allow":["GET"]}}],"collection":[{"href":"https:\/\/archive.sana.sy\/tr\/index.php?rest_route=\/wp\/v2\/posts"}],"about":[{"href":"https:\/\/archive.sana.sy\/tr\/index.php?rest_route=\/wp\/v2\/types\/post"}],"author":[{"embeddable":true,"href":"https:\/\/archive.sana.sy\/tr\/index.php?rest_route=\/wp\/v2\/users\/1"}],"replies":[{"embeddable":true,"href":"https:\/\/archive.sana.sy\/tr\/index.php?rest_route=%2Fwp%2Fv2%2Fcomments&post=247213"}],"version-history":[{"count":0,"href":"https:\/\/archive.sana.sy\/tr\/index.php?rest_route=\/wp\/v2\/posts\/247213\/revisions"}],"wp:featuredmedia":[{"embeddable":true,"href":"https:\/\/archive.sana.sy\/tr\/index.php?rest_route=\/wp\/v2\/media\/247214"}],"wp:attachment":[{"href":"https:\/\/archive.sana.sy\/tr\/index.php?rest_route=%2Fwp%2Fv2%2Fmedia&parent=247213"}],"wp:term":[{"taxonomy":"category","embeddable":true,"href":"https:\/\/archive.sana.sy\/tr\/index.php?rest_route=%2Fwp%2Fv2%2Fcategories&post=247213"},{"taxonomy":"post_tag","embeddable":true,"href":"https:\/\/archive.sana.sy\/tr\/index.php?rest_route=%2Fwp%2Fv2%2Ftags&post=247213"}],"curies":[{"name":"wp","href":"https:\/\/api.w.org\/{rel}","templated":true}]}}