{"id":24727,"date":"2015-02-24T12:18:02","date_gmt":"2015-02-24T10:18:02","guid":{"rendered":"http:\/\/www.sana.sy\/tr\/?p=24727"},"modified":"2015-02-24T12:18:02","modified_gmt":"2015-02-24T10:18:02","slug":"askeri-kaynak-ordu-birliklerimizin-dera-kirsali-akraba-um-el-avsec-tel-anter-tel-karin-ve-semlinde-cok-sayida-teroristi-oldurerek-bati-gariye-yakinlarinda-terorist-dolu-bir-araci-etkisiz","status":"publish","type":"post","link":"https:\/\/archive.sana.sy\/tr\/?p=24727","title":{"rendered":"Askeri kaynak, ordu birliklerimizin Dera k\u0131rsal\u0131 Akraba, Um el Avsec, Tel Anter, Tel Karin ve Semlin\u2019de \u00e7ok say\u0131da ter\u00f6risti \u00f6ld\u00fcrerek Bat\u0131 Gariye yak\u0131nlar\u0131nda ter\u00f6rist dolu bir arac\u0131 etkisiz hale getirdi."},"content":{"rendered":"<p>Askeri kaynak, ordu birliklerimizin Dera k\u0131rsal\u0131 Akraba, Um el Avsec, Tel Anter, Tel Karin ve Semlin\u2019de \u00e7ok say\u0131da ter\u00f6risti \u00f6ld\u00fcrerek Bat\u0131 Gariye yak\u0131nlar\u0131nda ter\u00f6rist dolu bir arac\u0131 etkisiz hale getirdi.<\/p>\n","protected":false},"excerpt":{"rendered":"<p>Askeri kaynak, ordu birliklerimizin Dera k\u0131rsal\u0131 Akraba, Um el Avsec, Tel Anter, Tel Karin ve Semlin\u2019de \u00e7ok say\u0131da ter\u00f6risti \u00f6ld\u00fcrerek Bat\u0131 Gariye yak\u0131nlar\u0131nda ter\u00f6rist dolu bir arac\u0131 etkisiz hale getirdi.<\/p>\n","protected":false},"author":1,"featured_media":0,"comment_status":"closed","ping_status":"closed","sticky":false,"template":"","format":"standard","meta":{"footnotes":""},"categories":[1],"tags":[1031,11807,11809,11810,11808],"class_list":["post-24727","post","type-post","status-publish","format-standard","","category-news-not-sorted","tag-askeri-kaynak","tag-ordu-birliklerimizin-dera-kirsali-akraba","tag-tel-anter","tag-tel-karin-ve-semlinde-cok-sayida-teroristi-oldurerek-bati-gariye-yakinlarinda-terorist-dolu-bir-araci-etkisiz-hale-getirdi","tag-um-el-avsec"],"_links":{"self":[{"href":"https:\/\/archive.sana.sy\/tr\/index.php?rest_route=\/wp\/v2\/posts\/24727","targetHints":{"allow":["GET"]}}],"collection":[{"href":"https:\/\/archive.sana.sy\/tr\/index.php?rest_route=\/wp\/v2\/posts"}],"about":[{"href":"https:\/\/archive.sana.sy\/tr\/index.php?rest_route=\/wp\/v2\/types\/post"}],"author":[{"embeddable":true,"href":"https:\/\/archive.sana.sy\/tr\/index.php?rest_route=\/wp\/v2\/users\/1"}],"replies":[{"embeddable":true,"href":"https:\/\/archive.sana.sy\/tr\/index.php?rest_route=%2Fwp%2Fv2%2Fcomments&post=24727"}],"version-history":[{"count":0,"href":"https:\/\/archive.sana.sy\/tr\/index.php?rest_route=\/wp\/v2\/posts\/24727\/revisions"}],"wp:attachment":[{"href":"https:\/\/archive.sana.sy\/tr\/index.php?rest_route=%2Fwp%2Fv2%2Fmedia&parent=24727"}],"wp:term":[{"taxonomy":"category","embeddable":true,"href":"https:\/\/archive.sana.sy\/tr\/index.php?rest_route=%2Fwp%2Fv2%2Fcategories&post=24727"},{"taxonomy":"post_tag","embeddable":true,"href":"https:\/\/archive.sana.sy\/tr\/index.php?rest_route=%2Fwp%2Fv2%2Ftags&post=24727"}],"curies":[{"name":"wp","href":"https:\/\/api.w.org\/{rel}","templated":true}]}}