{"id":24729,"date":"2015-02-24T12:23:25","date_gmt":"2015-02-24T10:23:25","guid":{"rendered":"http:\/\/www.sana.sy\/tr\/?p=24729"},"modified":"2015-02-24T12:23:25","modified_gmt":"2015-02-24T10:23:25","slug":"askeri-kaynak-ordu-ve-silahli-kuvvetlerimize-bagli-ordu-birliklerimizin-idlib-kirsali-maarrat-hurme-kir-el-gazal-hute-tel-selmo-ve-um-cerinde-tekfiri-teror-orgutlerin-bazi-terori","status":"publish","type":"post","link":"https:\/\/archive.sana.sy\/tr\/?p=24729","title":{"rendered":"Askeri kaynak, ordu ve silahl\u0131 kuvvetlerimize ba\u011fl\u0131 ordu birliklerimizin \u0130dlib k\u0131rsal\u0131 Maarrat Hurme, K\u0131r\u2019 el Gazal, Hute, Tel Selmo ve Um Cerin\u2019de tekfiri ter\u00f6r \u00f6rg\u00fctlerin baz\u0131 ter\u00f6ristleri \u00f6l\u00fc ve yaral\u0131 d\u00fc\u015f\u00fcrd\u00fcklerini s\u00f6yledi."},"content":{"rendered":"<p>Askeri kaynak, ordu ve silahl\u0131 kuvvetlerimize ba\u011fl\u0131 ordu birliklerimizin \u0130dlib k\u0131rsal\u0131 Maarrat Hurme, K\u0131r\u2019 el Gazal, Hute, Tel Selmo ve Um Cerin\u2019de tekfiri ter\u00f6r \u00f6rg\u00fctlerin baz\u0131 ter\u00f6ristleri \u00f6l\u00fc ve yaral\u0131 d\u00fc\u015f\u00fcrd\u00fcklerini s\u00f6yledi.<\/p>\n","protected":false},"excerpt":{"rendered":"<p>Askeri kaynak, ordu ve silahl\u0131 kuvvetlerimize ba\u011fl\u0131 ordu birliklerimizin \u0130dlib k\u0131rsal\u0131 Maarrat Hurme, K\u0131r\u2019 el Gazal, Hute, Tel Selmo ve Um Cerin\u2019de tekfiri ter\u00f6r \u00f6rg\u00fctlerin baz\u0131 ter\u00f6ristleri \u00f6l\u00fc ve yaral\u0131 d\u00fc\u015f\u00fcrd\u00fcklerini s\u00f6yledi.<\/p>\n","protected":false},"author":1,"featured_media":0,"comment_status":"closed","ping_status":"closed","sticky":false,"template":"","format":"standard","meta":{"footnotes":""},"categories":[1],"tags":[1031,11813,11812,11811,11814],"class_list":["post-24729","post","type-post","status-publish","format-standard","","category-news-not-sorted","tag-askeri-kaynak","tag-hute","tag-kir-el-gazal","tag-ordu-ve-silahli-kuvvetlerimize-bagli-ordu-birliklerimizin-idlib-kirsali-maarrat-hurme","tag-tel-selmo-ve-um-cerinde-tekfiri-teror-orgutlerin-bazi-teroristleri-olu-ve-yarali-dusurduklerini-soyledi"],"_links":{"self":[{"href":"https:\/\/archive.sana.sy\/tr\/index.php?rest_route=\/wp\/v2\/posts\/24729","targetHints":{"allow":["GET"]}}],"collection":[{"href":"https:\/\/archive.sana.sy\/tr\/index.php?rest_route=\/wp\/v2\/posts"}],"about":[{"href":"https:\/\/archive.sana.sy\/tr\/index.php?rest_route=\/wp\/v2\/types\/post"}],"author":[{"embeddable":true,"href":"https:\/\/archive.sana.sy\/tr\/index.php?rest_route=\/wp\/v2\/users\/1"}],"replies":[{"embeddable":true,"href":"https:\/\/archive.sana.sy\/tr\/index.php?rest_route=%2Fwp%2Fv2%2Fcomments&post=24729"}],"version-history":[{"count":0,"href":"https:\/\/archive.sana.sy\/tr\/index.php?rest_route=\/wp\/v2\/posts\/24729\/revisions"}],"wp:attachment":[{"href":"https:\/\/archive.sana.sy\/tr\/index.php?rest_route=%2Fwp%2Fv2%2Fmedia&parent=24729"}],"wp:term":[{"taxonomy":"category","embeddable":true,"href":"https:\/\/archive.sana.sy\/tr\/index.php?rest_route=%2Fwp%2Fv2%2Fcategories&post=24729"},{"taxonomy":"post_tag","embeddable":true,"href":"https:\/\/archive.sana.sy\/tr\/index.php?rest_route=%2Fwp%2Fv2%2Ftags&post=24729"}],"curies":[{"name":"wp","href":"https:\/\/api.w.org\/{rel}","templated":true}]}}