{"id":247306,"date":"2021-12-15T11:17:26","date_gmt":"2021-12-15T09:17:26","guid":{"rendered":"http:\/\/107.6.182.27\/tr\/?p=247306"},"modified":"2021-12-16T08:25:20","modified_gmt":"2021-12-16T06:25:20","slug":"iletisim-ve-dijital-donusum-alaninda-suriye-sirp-gorusmeleri","status":"publish","type":"post","link":"https:\/\/archive.sana.sy\/tr\/?p=247306","title":{"rendered":"\u0130leti\u015fim Ve Dijital D\u00f6n\u00fc\u015f\u00fcm Alan\u0131nda Suriye-S\u0131rp G\u00f6r\u00fc\u015fmeleri"},"content":{"rendered":"<p>\u015eAM \u2013 \u0130leti\u015fim ve Teknoloji Bakan\u0131 M\u00fch. \u0130yad El Hatib, S\u0131rbistan D\u0131\u015fi\u015fleri Bakan Yard\u0131mc\u0131s\u0131 Vladimir Mare\u00e7 ve beraberindeki heyet ile iki \u00fclke aras\u0131nda ileti\u015fim teknolojisi ve dijital d\u00f6n\u00fc\u015f\u00fcm alanlar\u0131nda deneyim al\u0131\u015fveri\u015finde bulunma mekanizmalar\u0131n\u0131 g\u00f6r\u00fc\u015ft\u00fc.<\/p>\n<p>Bakan El Hatib, telekom\u00fcnikasyon sekt\u00f6r\u00fcyle ilgilenen S\u0131rp \u015firketlerini, dijital d\u00f6n\u00fc\u015f\u00fcm ve programlama sekt\u00f6r\u00fc alan\u0131nda i\u015fbirli\u011fine ek olarak a\u00e7\u0131klanan projelerde Suriye Telekom \u015eirketi ile \u00e7al\u0131\u015fmaya \u00e7a\u011f\u0131rd\u0131.<\/p>\n<p>Bakan El Hatib, Suriye&#8217;ye ve Suriye&#8217;den S\u0131rbistan \u00fczerinden posta ta\u015f\u0131mak i\u00e7in \u00fczerinde anla\u015fmaya var\u0131lacak bir mekanizma bulma ihtiyac\u0131na i\u015faret etti.<\/p>\n<p>Mari\u00e7 ise toplant\u0131 s\u0131ras\u0131nda sunulan \u00f6nerilerin S\u0131rp h\u00fck\u00fcmeti ve \u00f6zel S\u0131rp \u015firketleri d\u00fczeyinde incelenece\u011fini belirtirken, S\u0131rp h\u00fck\u00fcmetinin Suriye ile ileti\u015fim alan\u0131nda i\u015fbirli\u011fi umutlar\u0131 a\u00e7ma ve bu alanda gerekli t\u00fcm kolayl\u0131klar\u0131 sa\u011flama konusundaki ilgisini teyit etti.<\/p>\n<p>Toplant\u0131ya Dijital D\u00f6n\u00fc\u015f\u00fcmden Sorumlu \u0130leti\u015fim Bakan Yard\u0131mc\u0131s\u0131 M\u00fch. Fadia S\u00fcleyman, Suriye Posta Kurumu Genel M\u00fcd\u00fcr\u00fc M\u00fch. Hayan Maksud ve Bakanl\u0131k Planlama ve Uluslararas\u0131 \u0130\u015fbirli\u011fi Direkt\u00f6r\u00fc M\u00fch. Muhammed Saeed kat\u0131ld\u0131.<\/p>\n<p>&nbsp;<\/p>\n","protected":false},"excerpt":{"rendered":"<p>\u015eAM \u2013 \u0130leti\u015fim ve Teknoloji Bakan\u0131 M\u00fch. \u0130yad El Hatib, S\u0131rbistan D\u0131\u015fi\u015fleri Bakan Yard\u0131mc\u0131s\u0131 Vladimir Mare\u00e7 ve beraberindeki heyet ile iki \u00fclke aras\u0131nda ileti\u015fim teknolojisi ve dijital d\u00f6n\u00fc\u015f\u00fcm alanlar\u0131nda deneyim al\u0131\u015fveri\u015finde bulunma mekanizmalar\u0131n\u0131 g\u00f6r\u00fc\u015ft\u00fc. Bakan El Hatib, telekom\u00fcnikasyon sekt\u00f6r\u00fcyle ilgilenen S\u0131rp \u015firketlerini, dijital d\u00f6n\u00fc\u015f\u00fcm ve programlama sekt\u00f6r\u00fc alan\u0131nda i\u015fbirli\u011fine ek olarak a\u00e7\u0131klanan projelerde Suriye Telekom &hellip;<\/p>\n","protected":false},"author":36,"featured_media":247307,"comment_status":"closed","ping_status":"closed","sticky":false,"template":"","format":"standard","meta":{"footnotes":""},"categories":[479,17988,478],"tags":[],"class_list":["post-247306","post","type-post","status-publish","format-standard","has-post-thumbnail","","category-haberler-yerel","category-son-haberler","category-yerel"],"_links":{"self":[{"href":"https:\/\/archive.sana.sy\/tr\/index.php?rest_route=\/wp\/v2\/posts\/247306","targetHints":{"allow":["GET"]}}],"collection":[{"href":"https:\/\/archive.sana.sy\/tr\/index.php?rest_route=\/wp\/v2\/posts"}],"about":[{"href":"https:\/\/archive.sana.sy\/tr\/index.php?rest_route=\/wp\/v2\/types\/post"}],"author":[{"embeddable":true,"href":"https:\/\/archive.sana.sy\/tr\/index.php?rest_route=\/wp\/v2\/users\/36"}],"replies":[{"embeddable":true,"href":"https:\/\/archive.sana.sy\/tr\/index.php?rest_route=%2Fwp%2Fv2%2Fcomments&post=247306"}],"version-history":[{"count":0,"href":"https:\/\/archive.sana.sy\/tr\/index.php?rest_route=\/wp\/v2\/posts\/247306\/revisions"}],"wp:featuredmedia":[{"embeddable":true,"href":"https:\/\/archive.sana.sy\/tr\/index.php?rest_route=\/wp\/v2\/media\/247307"}],"wp:attachment":[{"href":"https:\/\/archive.sana.sy\/tr\/index.php?rest_route=%2Fwp%2Fv2%2Fmedia&parent=247306"}],"wp:term":[{"taxonomy":"category","embeddable":true,"href":"https:\/\/archive.sana.sy\/tr\/index.php?rest_route=%2Fwp%2Fv2%2Fcategories&post=247306"},{"taxonomy":"post_tag","embeddable":true,"href":"https:\/\/archive.sana.sy\/tr\/index.php?rest_route=%2Fwp%2Fv2%2Ftags&post=247306"}],"curies":[{"name":"wp","href":"https:\/\/api.w.org\/{rel}","templated":true}]}}