{"id":247309,"date":"2021-12-15T11:21:01","date_gmt":"2021-12-15T09:21:01","guid":{"rendered":"http:\/\/107.6.182.27\/tr\/?p=247309"},"modified":"2021-12-16T08:25:27","modified_gmt":"2021-12-16T06:25:27","slug":"el-bukmal-kent-merkezinde-durumlari-duzeltme-sureci-devam-ediyor-3","status":"publish","type":"post","link":"https:\/\/archive.sana.sy\/tr\/?p=247309","title":{"rendered":"El Bukmal Kent Merkezinde Durumlar\u0131 D\u00fczeltme S\u00fcreci Devam Ediyor"},"content":{"rendered":"<p>DEYREZZOR \u2013 Deyrezzor il halk\u0131na y\u00f6nelik kapsaml\u0131 durum d\u00fczeltme s\u00fcreci, aranan ki\u015filere durumlar\u0131n\u0131 \u00e7\u00f6z\u00fcme kavu\u015fturma ve normal hayatlar\u0131na d\u00f6nme f\u0131rsat\u0131 vermek i\u00e7in El Bukmal kent merkezinde devam ediyor.<\/p>\n<div id='gallery-1' class='gallery galleryid-247309 gallery-columns-1 gallery-size-full'><figure class='gallery-item'>\n\t\t\t<div class='gallery-icon landscape'>\n\t\t\t\t<a href='https:\/\/archive.sana.sy\/tr\/wp-content\/uploads\/2021\/12\/photo_2021-12-15_09-53-19.jpg'><img loading=\"lazy\" decoding=\"async\" width=\"660\" height=\"371\" src=\"https:\/\/archive.sana.sy\/tr\/wp-content\/uploads\/2021\/12\/photo_2021-12-15_09-53-19.jpg\" class=\"attachment-full size-full\" alt=\"\" srcset=\"https:\/\/archive.sana.sy\/tr\/wp-content\/uploads\/2021\/12\/photo_2021-12-15_09-53-19.jpg 660w, https:\/\/archive.sana.sy\/tr\/wp-content\/uploads\/2021\/12\/photo_2021-12-15_09-53-19-300x169.jpg 300w, https:\/\/archive.sana.sy\/tr\/wp-content\/uploads\/2021\/12\/photo_2021-12-15_09-53-19-150x84.jpg 150w\" sizes=\"auto, (max-width: 660px) 100vw, 660px\" \/><\/a>\n\t\t\t<\/div><\/figure><figure class='gallery-item'>\n\t\t\t<div class='gallery-icon landscape'>\n\t\t\t\t<a href='https:\/\/archive.sana.sy\/tr\/wp-content\/uploads\/2021\/12\/photo_2021-12-15_09-53-23.jpg'><img loading=\"lazy\" decoding=\"async\" width=\"660\" height=\"371\" src=\"https:\/\/archive.sana.sy\/tr\/wp-content\/uploads\/2021\/12\/photo_2021-12-15_09-53-23.jpg\" class=\"attachment-full size-full\" alt=\"\" srcset=\"https:\/\/archive.sana.sy\/tr\/wp-content\/uploads\/2021\/12\/photo_2021-12-15_09-53-23.jpg 660w, https:\/\/archive.sana.sy\/tr\/wp-content\/uploads\/2021\/12\/photo_2021-12-15_09-53-23-300x169.jpg 300w, https:\/\/archive.sana.sy\/tr\/wp-content\/uploads\/2021\/12\/photo_2021-12-15_09-53-23-150x84.jpg 150w\" sizes=\"auto, (max-width: 660px) 100vw, 660px\" \/><\/a>\n\t\t\t<\/div><\/figure><figure class='gallery-item'>\n\t\t\t<div class='gallery-icon landscape'>\n\t\t\t\t<a href='https:\/\/archive.sana.sy\/tr\/wp-content\/uploads\/2021\/12\/photo_2021-12-15_09-53-34-1.jpg'><img loading=\"lazy\" decoding=\"async\" width=\"660\" height=\"364\" src=\"https:\/\/archive.sana.sy\/tr\/wp-content\/uploads\/2021\/12\/photo_2021-12-15_09-53-34-1.jpg\" class=\"attachment-full size-full\" alt=\"\" srcset=\"https:\/\/archive.sana.sy\/tr\/wp-content\/uploads\/2021\/12\/photo_2021-12-15_09-53-34-1.jpg 660w, https:\/\/archive.sana.sy\/tr\/wp-content\/uploads\/2021\/12\/photo_2021-12-15_09-53-34-1-300x165.jpg 300w, https:\/\/archive.sana.sy\/tr\/wp-content\/uploads\/2021\/12\/photo_2021-12-15_09-53-34-1-150x83.jpg 150w\" sizes=\"auto, (max-width: 660px) 100vw, 660px\" \/><\/a>\n\t\t\t<\/div><\/figure><figure class='gallery-item'>\n\t\t\t<div class='gallery-icon landscape'>\n\t\t\t\t<a href='https:\/\/archive.sana.sy\/tr\/wp-content\/uploads\/2021\/12\/photo_2021-12-15_09-53-34.jpg'><img loading=\"lazy\" decoding=\"async\" width=\"660\" height=\"364\" src=\"https:\/\/archive.sana.sy\/tr\/wp-content\/uploads\/2021\/12\/photo_2021-12-15_09-53-34.jpg\" class=\"attachment-full size-full\" alt=\"\" srcset=\"https:\/\/archive.sana.sy\/tr\/wp-content\/uploads\/2021\/12\/photo_2021-12-15_09-53-34.jpg 660w, https:\/\/archive.sana.sy\/tr\/wp-content\/uploads\/2021\/12\/photo_2021-12-15_09-53-34-300x165.jpg 300w, https:\/\/archive.sana.sy\/tr\/wp-content\/uploads\/2021\/12\/photo_2021-12-15_09-53-34-150x83.jpg 150w\" sizes=\"auto, (max-width: 660px) 100vw, 660px\" \/><\/a>\n\t\t\t<\/div><\/figure>\n\t\t<\/div>\n\n","protected":false},"excerpt":{"rendered":"<p>DEYREZZOR \u2013 Deyrezzor il halk\u0131na y\u00f6nelik kapsaml\u0131 durum d\u00fczeltme s\u00fcreci, aranan ki\u015filere durumlar\u0131n\u0131 \u00e7\u00f6z\u00fcme kavu\u015fturma ve normal hayatlar\u0131na d\u00f6nme f\u0131rsat\u0131 vermek i\u00e7in El Bukmal kent merkezinde devam ediyor.<\/p>\n","protected":false},"author":36,"featured_media":247314,"comment_status":"closed","ping_status":"closed","sticky":false,"template":"","format":"standard","meta":{"footnotes":""},"categories":[596,479,17988,478],"tags":[],"class_list":["post-247309","post","type-post","status-publish","format-standard","has-post-thumbnail","","category-fotografli-raporlar","category-haberler-yerel","category-son-haberler","category-yerel"],"_links":{"self":[{"href":"https:\/\/archive.sana.sy\/tr\/index.php?rest_route=\/wp\/v2\/posts\/247309","targetHints":{"allow":["GET"]}}],"collection":[{"href":"https:\/\/archive.sana.sy\/tr\/index.php?rest_route=\/wp\/v2\/posts"}],"about":[{"href":"https:\/\/archive.sana.sy\/tr\/index.php?rest_route=\/wp\/v2\/types\/post"}],"author":[{"embeddable":true,"href":"https:\/\/archive.sana.sy\/tr\/index.php?rest_route=\/wp\/v2\/users\/36"}],"replies":[{"embeddable":true,"href":"https:\/\/archive.sana.sy\/tr\/index.php?rest_route=%2Fwp%2Fv2%2Fcomments&post=247309"}],"version-history":[{"count":0,"href":"https:\/\/archive.sana.sy\/tr\/index.php?rest_route=\/wp\/v2\/posts\/247309\/revisions"}],"wp:featuredmedia":[{"embeddable":true,"href":"https:\/\/archive.sana.sy\/tr\/index.php?rest_route=\/wp\/v2\/media\/247314"}],"wp:attachment":[{"href":"https:\/\/archive.sana.sy\/tr\/index.php?rest_route=%2Fwp%2Fv2%2Fmedia&parent=247309"}],"wp:term":[{"taxonomy":"category","embeddable":true,"href":"https:\/\/archive.sana.sy\/tr\/index.php?rest_route=%2Fwp%2Fv2%2Fcategories&post=247309"},{"taxonomy":"post_tag","embeddable":true,"href":"https:\/\/archive.sana.sy\/tr\/index.php?rest_route=%2Fwp%2Fv2%2Ftags&post=247309"}],"curies":[{"name":"wp","href":"https:\/\/api.w.org\/{rel}","templated":true}]}}