{"id":247316,"date":"2021-12-15T12:32:31","date_gmt":"2021-12-15T10:32:31","guid":{"rendered":"http:\/\/107.6.182.27\/tr\/?p=247316"},"modified":"2021-12-16T08:25:32","modified_gmt":"2021-12-16T06:25:32","slug":"sdg-milisleri-haseke-sehrinden-birkac-genci-kacirdi","status":"publish","type":"post","link":"https:\/\/archive.sana.sy\/tr\/?p=247316","title":{"rendered":"SDG Milisleri, Haseke \u015eehrinden Birka\u00e7 Genci Ka\u00e7\u0131rd\u0131"},"content":{"rendered":"<p>HASEKE \u2013 Amerikan i\u015fgal g\u00fc\u00e7leri taraf\u0131ndan desteklenen &#8220;DSG&#8221; milisleri konu\u015fland\u0131\u011f\u0131 b\u00f6lgelerde sivilleri ka\u00e7\u0131rmaya devam ederek, Haseke&#8217;nin bat\u0131 giri\u015finde bir otob\u00fcs\u00fc durdurup Kendi saflar\u0131na kat\u0131lmaya zorlamak i\u00e7in birka\u00e7 genci kamplar\u0131na g\u00f6t\u00fcrd\u00fc.<\/p>\n<p>Yerel kaynaklar SANA muhabirine,Haseke \u015fehrinin bat\u0131 giri\u015findeki El M\u015ferfa semtindeki \u201cDSG\u201d milislerine ait bir kontrol noktas\u0131n\u0131n, bir yolcu otob\u00fcs\u00fcn\u00fc durdurdu\u011funu ve birka\u00e7 genci oradan ka\u00e7\u0131r\u0131p kendi kamplar\u0131ma g\u00f6t\u00fcrd\u00fc\u011f\u00fcn\u00fc beirtti.<\/p>\n","protected":false},"excerpt":{"rendered":"<p>HASEKE \u2013 Amerikan i\u015fgal g\u00fc\u00e7leri taraf\u0131ndan desteklenen &#8220;DSG&#8221; milisleri konu\u015fland\u0131\u011f\u0131 b\u00f6lgelerde sivilleri ka\u00e7\u0131rmaya devam ederek, Haseke&#8217;nin bat\u0131 giri\u015finde bir otob\u00fcs\u00fc durdurup Kendi saflar\u0131na kat\u0131lmaya zorlamak i\u00e7in birka\u00e7 genci kamplar\u0131na g\u00f6t\u00fcrd\u00fc. Yerel kaynaklar SANA muhabirine,Haseke \u015fehrinin bat\u0131 giri\u015findeki El M\u015ferfa semtindeki \u201cDSG\u201d milislerine ait bir kontrol noktas\u0131n\u0131n, bir yolcu otob\u00fcs\u00fcn\u00fc durdurdu\u011funu ve birka\u00e7 genci oradan ka\u00e7\u0131r\u0131p &hellip;<\/p>\n","protected":false},"author":36,"featured_media":247320,"comment_status":"closed","ping_status":"closed","sticky":false,"template":"","format":"standard","meta":{"footnotes":""},"categories":[479,575,17988,478],"tags":[],"class_list":["post-247316","post","type-post","status-publish","format-standard","has-post-thumbnail","","category-haberler-yerel","category-olaylar-ve-gercekler","category-son-haberler","category-yerel"],"_links":{"self":[{"href":"https:\/\/archive.sana.sy\/tr\/index.php?rest_route=\/wp\/v2\/posts\/247316","targetHints":{"allow":["GET"]}}],"collection":[{"href":"https:\/\/archive.sana.sy\/tr\/index.php?rest_route=\/wp\/v2\/posts"}],"about":[{"href":"https:\/\/archive.sana.sy\/tr\/index.php?rest_route=\/wp\/v2\/types\/post"}],"author":[{"embeddable":true,"href":"https:\/\/archive.sana.sy\/tr\/index.php?rest_route=\/wp\/v2\/users\/36"}],"replies":[{"embeddable":true,"href":"https:\/\/archive.sana.sy\/tr\/index.php?rest_route=%2Fwp%2Fv2%2Fcomments&post=247316"}],"version-history":[{"count":0,"href":"https:\/\/archive.sana.sy\/tr\/index.php?rest_route=\/wp\/v2\/posts\/247316\/revisions"}],"wp:featuredmedia":[{"embeddable":true,"href":"https:\/\/archive.sana.sy\/tr\/index.php?rest_route=\/wp\/v2\/media\/247320"}],"wp:attachment":[{"href":"https:\/\/archive.sana.sy\/tr\/index.php?rest_route=%2Fwp%2Fv2%2Fmedia&parent=247316"}],"wp:term":[{"taxonomy":"category","embeddable":true,"href":"https:\/\/archive.sana.sy\/tr\/index.php?rest_route=%2Fwp%2Fv2%2Fcategories&post=247316"},{"taxonomy":"post_tag","embeddable":true,"href":"https:\/\/archive.sana.sy\/tr\/index.php?rest_route=%2Fwp%2Fv2%2Ftags&post=247316"}],"curies":[{"name":"wp","href":"https:\/\/api.w.org\/{rel}","templated":true}]}}