{"id":247322,"date":"2021-12-15T14:19:53","date_gmt":"2021-12-15T12:19:53","guid":{"rendered":"http:\/\/107.6.182.27\/tr\/?p=247322"},"modified":"2021-12-16T08:25:41","modified_gmt":"2021-12-16T06:25:41","slug":"cumhurbaskani-esadin-yonlendirmesiyle-hasekede-ordu-yaralilarini-onurlandirildi","status":"publish","type":"post","link":"https:\/\/archive.sana.sy\/tr\/?p=247322","title":{"rendered":"Cumhurba\u015fkan\u0131 Esad&#8217;\u0131n Y\u00f6nlendirmesiyle.. Haseke&#8217;de Ordu Yaral\u0131lar\u0131n\u0131 onurland\u0131r\u0131ld\u0131"},"content":{"rendered":"<p>HASEKE \u2013 Cumhurba\u015fkan\u0131 Be\u015far Esad&#8217;\u0131n y\u00f6nlendirmesiyle Haseke Valisi \u011eassan Halil, Suriye Arap Ordusu&#8217;nun ter\u00f6r \u00f6rg\u00fctleriyle \u00e7at\u0131\u015f\u0131rken yaralanan askerlerini onurland\u0131rd\u0131.<\/p>\n<p>Haseke valisi, t\u00f6rene kat\u0131lanlara Cumhurba\u015fkan\u0131 Esad&#8217;\u0131n selam\u0131n\u0131 ve sevgisini iletti, vatan\u0131n gururu, onuru ve topra\u011f\u0131n\u0131 korumak i\u00e7in yapt\u0131klar\u0131 b\u00fcy\u00fck fedakarl\u0131klar\u0131 \u00f6vd\u00fc.<\/p>\n<p>Halil, &#8220;Bu onur, Say\u0131n Cumhurba\u015fkan\u0131 Be\u015far Esad ve Say\u0131n Esma&#8217;dan, vatan u\u011fruna yapt\u0131\u011f\u0131n\u0131z fedakarl\u0131klar\u0131 takdirle kar\u015f\u0131l\u0131yor.. Yaralar\u0131n\u0131z vatan ve lideri i\u00e7in \u00e7ok de\u011ferlidir.. Vatan\u0131 korumak i\u00e7in en k\u0131ymetlisini \u00f6deyen yaral\u0131d\u0131r.. Yaral\u0131lar ve aileleri i\u00e7in b\u00fcy\u00fck ilgiyi yans\u0131tan bu onuru hak ettiniz\u201d dedi.<\/p>\n","protected":false},"excerpt":{"rendered":"<p>HASEKE \u2013 Cumhurba\u015fkan\u0131 Be\u015far Esad&#8217;\u0131n y\u00f6nlendirmesiyle Haseke Valisi \u011eassan Halil, Suriye Arap Ordusu&#8217;nun ter\u00f6r \u00f6rg\u00fctleriyle \u00e7at\u0131\u015f\u0131rken yaralanan askerlerini onurland\u0131rd\u0131. Haseke valisi, t\u00f6rene kat\u0131lanlara Cumhurba\u015fkan\u0131 Esad&#8217;\u0131n selam\u0131n\u0131 ve sevgisini iletti, vatan\u0131n gururu, onuru ve topra\u011f\u0131n\u0131 korumak i\u00e7in yapt\u0131klar\u0131 b\u00fcy\u00fck fedakarl\u0131klar\u0131 \u00f6vd\u00fc. Halil, &#8220;Bu onur, Say\u0131n Cumhurba\u015fkan\u0131 Be\u015far Esad ve Say\u0131n Esma&#8217;dan, vatan u\u011fruna yapt\u0131\u011f\u0131n\u0131z fedakarl\u0131klar\u0131 takdirle &hellip;<\/p>\n","protected":false},"author":36,"featured_media":247323,"comment_status":"closed","ping_status":"closed","sticky":false,"template":"","format":"standard","meta":{"footnotes":""},"categories":[479,17988,478],"tags":[],"class_list":["post-247322","post","type-post","status-publish","format-standard","has-post-thumbnail","","category-haberler-yerel","category-son-haberler","category-yerel"],"_links":{"self":[{"href":"https:\/\/archive.sana.sy\/tr\/index.php?rest_route=\/wp\/v2\/posts\/247322","targetHints":{"allow":["GET"]}}],"collection":[{"href":"https:\/\/archive.sana.sy\/tr\/index.php?rest_route=\/wp\/v2\/posts"}],"about":[{"href":"https:\/\/archive.sana.sy\/tr\/index.php?rest_route=\/wp\/v2\/types\/post"}],"author":[{"embeddable":true,"href":"https:\/\/archive.sana.sy\/tr\/index.php?rest_route=\/wp\/v2\/users\/36"}],"replies":[{"embeddable":true,"href":"https:\/\/archive.sana.sy\/tr\/index.php?rest_route=%2Fwp%2Fv2%2Fcomments&post=247322"}],"version-history":[{"count":0,"href":"https:\/\/archive.sana.sy\/tr\/index.php?rest_route=\/wp\/v2\/posts\/247322\/revisions"}],"wp:featuredmedia":[{"embeddable":true,"href":"https:\/\/archive.sana.sy\/tr\/index.php?rest_route=\/wp\/v2\/media\/247323"}],"wp:attachment":[{"href":"https:\/\/archive.sana.sy\/tr\/index.php?rest_route=%2Fwp%2Fv2%2Fmedia&parent=247322"}],"wp:term":[{"taxonomy":"category","embeddable":true,"href":"https:\/\/archive.sana.sy\/tr\/index.php?rest_route=%2Fwp%2Fv2%2Fcategories&post=247322"},{"taxonomy":"post_tag","embeddable":true,"href":"https:\/\/archive.sana.sy\/tr\/index.php?rest_route=%2Fwp%2Fv2%2Ftags&post=247322"}],"curies":[{"name":"wp","href":"https:\/\/api.w.org\/{rel}","templated":true}]}}