{"id":247325,"date":"2021-12-15T18:03:59","date_gmt":"2021-12-15T16:03:59","guid":{"rendered":"http:\/\/107.6.182.27\/tr\/?p=247325"},"modified":"2021-12-17T19:59:56","modified_gmt":"2021-12-17T17:59:56","slug":"baskan-esad-belovayi-kabul-etti-al-hol-ve-al-roc-kamplarindaki-cocuklar-meselesini-ele-aldi","status":"publish","type":"post","link":"https:\/\/archive.sana.sy\/tr\/?p=247325","title":{"rendered":"Ba\u015fkan Esad, Belova&#8217;y\u0131 Kabul Etti, Al Hol Ve Al Roc Kamplar\u0131ndaki \u00c7ocuklar Meselesini Ele Ald\u0131"},"content":{"rendered":"<p>\u015eAM &#8211; Cumhurba\u015fkan\u0131 Be\u015f\u015far Esad bug\u00fcn Rusya Federasyonu \u00c7ocuk Haklar\u0131 Komiseri Maria Lvova Belova ve beraberindeki heyeti kabul etti.<br \/>\nG\u00f6r\u00fc\u015fmede Al Hol ve Al Roc kamplar\u0131ndaki \u00e7ocuklar konusu ele al\u0131n\u0131rken, Suriye-Rus ortak ad\u0131mlar\u0131 ve baz\u0131 Bat\u0131l\u0131 \u00fclkelerin kar\u015f\u0131 kar\u015f\u0131ya kald\u0131\u011f\u0131 bir\u00e7ok engele ra\u011fmen bu \u00e7ocuklar\u0131n kamplardan \u00e7\u0131kar\u0131lmas\u0131na y\u00f6nelik \u00e7abalar ele al\u0131nd\u0131.<br \/>\nCumhurba\u015fkan\u0131 Esad, bu dosyan\u0131n \u00f6ncelikle insani bir dosya olmas\u0131na ra\u011fmen, Bat\u0131&#8217;n\u0131n bu kamplar\u0131 ter\u00f6rizm ve a\u015f\u0131r\u0131l\u0131k\u00e7\u0131 ideoloji i\u00e7in kulu\u00e7ka makinesi olarak s\u00fcrd\u00fcrmek amac\u0131yla siyasi olarak bu konuya yat\u0131r\u0131m yapt\u0131\u011f\u0131n\u0131 vurgulad\u0131 ve bu insanl\u0131k d\u0131\u015f\u0131 kamplar\u0131ntamamen kapat\u0131lmas\u0131 i\u00e7in \u00e7al\u0131\u015fmalar\u0131n yap\u0131lmas\u0131 gerekti\u011fini s\u00f6yledi.<br \/>\nBuna kar\u015f\u0131l\u0131k Komiser Belova, bu dosyada Suriye ve Rusya&#8217;daki kurum ve kurulu\u015flar aras\u0131nda i\u015fbirli\u011fi mekanizmalar\u0131 geli\u015ftirmenin ve bu kamplardan ayr\u0131lan Rus ve Suriyeli \u00e7ocuklar\u0131n yeniden b\u00fct\u00fcnle\u015ftirilmesi ve rehabilite edilmesi amac\u0131yla t\u00fcm olanaklar\u0131n seferber edilmesi ve deneyimlerin payla\u015f\u0131lmas\u0131n\u0131n \u00f6nemine dikkat \u00e7ekti.<\/p>\n","protected":false},"excerpt":{"rendered":"<p>\u015eAM &#8211; Cumhurba\u015fkan\u0131 Be\u015f\u015far Esad bug\u00fcn Rusya Federasyonu \u00c7ocuk Haklar\u0131 Komiseri Maria Lvova Belova ve beraberindeki heyeti kabul etti. G\u00f6r\u00fc\u015fmede Al Hol ve Al Roc kamplar\u0131ndaki \u00e7ocuklar konusu ele al\u0131n\u0131rken, Suriye-Rus ortak ad\u0131mlar\u0131 ve baz\u0131 Bat\u0131l\u0131 \u00fclkelerin kar\u015f\u0131 kar\u015f\u0131ya kald\u0131\u011f\u0131 bir\u00e7ok engele ra\u011fmen bu \u00e7ocuklar\u0131n kamplardan \u00e7\u0131kar\u0131lmas\u0131na y\u00f6nelik \u00e7abalar ele al\u0131nd\u0131. Cumhurba\u015fkan\u0131 Esad, bu dosyan\u0131n &hellip;<\/p>\n","protected":false},"author":1,"featured_media":247326,"comment_status":"closed","ping_status":"closed","sticky":false,"template":"","format":"standard","meta":{"footnotes":""},"categories":[1],"tags":[],"class_list":["post-247325","post","type-post","status-publish","format-standard","has-post-thumbnail","","category-news-not-sorted"],"_links":{"self":[{"href":"https:\/\/archive.sana.sy\/tr\/index.php?rest_route=\/wp\/v2\/posts\/247325","targetHints":{"allow":["GET"]}}],"collection":[{"href":"https:\/\/archive.sana.sy\/tr\/index.php?rest_route=\/wp\/v2\/posts"}],"about":[{"href":"https:\/\/archive.sana.sy\/tr\/index.php?rest_route=\/wp\/v2\/types\/post"}],"author":[{"embeddable":true,"href":"https:\/\/archive.sana.sy\/tr\/index.php?rest_route=\/wp\/v2\/users\/1"}],"replies":[{"embeddable":true,"href":"https:\/\/archive.sana.sy\/tr\/index.php?rest_route=%2Fwp%2Fv2%2Fcomments&post=247325"}],"version-history":[{"count":0,"href":"https:\/\/archive.sana.sy\/tr\/index.php?rest_route=\/wp\/v2\/posts\/247325\/revisions"}],"wp:featuredmedia":[{"embeddable":true,"href":"https:\/\/archive.sana.sy\/tr\/index.php?rest_route=\/wp\/v2\/media\/247326"}],"wp:attachment":[{"href":"https:\/\/archive.sana.sy\/tr\/index.php?rest_route=%2Fwp%2Fv2%2Fmedia&parent=247325"}],"wp:term":[{"taxonomy":"category","embeddable":true,"href":"https:\/\/archive.sana.sy\/tr\/index.php?rest_route=%2Fwp%2Fv2%2Fcategories&post=247325"},{"taxonomy":"post_tag","embeddable":true,"href":"https:\/\/archive.sana.sy\/tr\/index.php?rest_route=%2Fwp%2Fv2%2Ftags&post=247325"}],"curies":[{"name":"wp","href":"https:\/\/api.w.org\/{rel}","templated":true}]}}