{"id":247329,"date":"2021-12-15T20:05:51","date_gmt":"2021-12-15T18:05:51","guid":{"rendered":"http:\/\/107.6.182.27\/tr\/?p=247329"},"modified":"2021-12-16T08:25:56","modified_gmt":"2021-12-16T06:25:56","slug":"unesco-al-kudud-el-halebiyye-muziklerini-insan-mirasi-listesine-aldi-kultur-ulusal-kimligi-korumak-icin-ek-bir-adim","status":"publish","type":"post","link":"https:\/\/archive.sana.sy\/tr\/?p=247329","title":{"rendered":"UNESCO, Al Kudud El Halebiyye M\u00fcziklerini \u0130nsan Miras\u0131 Listesine Ald\u0131.. K\u00fclt\u00fcr: Ulusal Kimli\u011fi Korumak \u0130\u00e7in Ek Bir Ad\u0131m"},"content":{"rendered":"<p>\u015eAM &#8211; Bug\u00fcn UNESCO, Fransa&#8217;daki Somut Olmayan K\u00fclt\u00fcrel Miras\u0131n Korunmas\u0131 i\u00e7in H\u00fck\u00fcmetler Aras\u0131 Komite&#8217;nin on alt\u0131nc\u0131 oturumu s\u0131ras\u0131nda El Kudu el Halebiyye M\u00fcziklerini insan miras\u0131 listesine ekledi.<\/p>\n<p>Karar\u0131n yay\u0131nlanmas\u0131n\u0131n ard\u0131ndan K\u00fclt\u00fcr Bakanl\u0131\u011f\u0131, SANA&#8217;n\u0131n bir kopyas\u0131n\u0131 ald\u0131\u011f\u0131 a\u00e7\u0131klamas\u0131nda, eski Suriye toplumunun k\u00fclt\u00fcr ve miras\u0131n\u0131n bir b\u00f6l\u00fcm\u00fcn\u00fcn k\u00fcresel insan miras\u0131na eklendi\u011fini, bu ad\u0131m\u0131n Suriye toplum ve k\u00fclt\u00fcr\u00fcn\u00fcn bir par\u00e7as\u0131 olan d\u00fcnya k\u00fclt\u00fcr\u00fcne eklenen ulusal kimli\u011fi korumaya y\u00f6nelik ek bir ad\u0131m oldu\u011funu belirterek, El Kudud el Halebiyye&#8217;nin Suriye&#8217;nin sanatsal kimli\u011finin derinli\u011fi ve asaletinin bir aynas\u0131 oldu\u011funu vurgulad\u0131.<\/p>\n<p>K\u00fclt\u00fcr Bakanl\u0131\u011f\u0131, El Kudud El Halebiyye&#8217;nin UNESCO&#8217;nun insan miras\u0131 listesine dahil edilmesinden dolay\u0131 Suriye&#8217;yi ve t\u00fcm Suriyelileri tebrik ederek, insan miras\u0131 listesine kaydettirilmesine desteklerinden dolay\u0131 bu t\u00fcr m\u00fczi\u011fi seven vatan evlatlar\u0131na \u015f\u00fckranlar\u0131n\u0131 ifade etti<br \/>\nBakanl\u0131k, El Kudud dosyas\u0131n\u0131 haz\u0131rlama ve UNESCO&#8217;da takip etme konusundaki b\u00fcy\u00fck \u00e7abalar\u0131ndan dolay\u0131 Suriye Kalk\u0131nma Vakf\u0131&#8217;na te\u015fekk\u00fcr etti.<\/p>\n","protected":false},"excerpt":{"rendered":"<p>\u015eAM &#8211; Bug\u00fcn UNESCO, Fransa&#8217;daki Somut Olmayan K\u00fclt\u00fcrel Miras\u0131n Korunmas\u0131 i\u00e7in H\u00fck\u00fcmetler Aras\u0131 Komite&#8217;nin on alt\u0131nc\u0131 oturumu s\u0131ras\u0131nda El Kudu el Halebiyye M\u00fcziklerini insan miras\u0131 listesine ekledi. Karar\u0131n yay\u0131nlanmas\u0131n\u0131n ard\u0131ndan K\u00fclt\u00fcr Bakanl\u0131\u011f\u0131, SANA&#8217;n\u0131n bir kopyas\u0131n\u0131 ald\u0131\u011f\u0131 a\u00e7\u0131klamas\u0131nda, eski Suriye toplumunun k\u00fclt\u00fcr ve miras\u0131n\u0131n bir b\u00f6l\u00fcm\u00fcn\u00fcn k\u00fcresel insan miras\u0131na eklendi\u011fini, bu ad\u0131m\u0131n Suriye toplum ve k\u00fclt\u00fcr\u00fcn\u00fcn &hellip;<\/p>\n","protected":false},"author":1,"featured_media":247330,"comment_status":"closed","ping_status":"closed","sticky":false,"template":"","format":"standard","meta":{"footnotes":""},"categories":[479,511,17988,478],"tags":[],"class_list":["post-247329","post","type-post","status-publish","format-standard","has-post-thumbnail","","category-haberler-yerel","category-kultur-ve-sanat","category-son-haberler","category-yerel"],"_links":{"self":[{"href":"https:\/\/archive.sana.sy\/tr\/index.php?rest_route=\/wp\/v2\/posts\/247329","targetHints":{"allow":["GET"]}}],"collection":[{"href":"https:\/\/archive.sana.sy\/tr\/index.php?rest_route=\/wp\/v2\/posts"}],"about":[{"href":"https:\/\/archive.sana.sy\/tr\/index.php?rest_route=\/wp\/v2\/types\/post"}],"author":[{"embeddable":true,"href":"https:\/\/archive.sana.sy\/tr\/index.php?rest_route=\/wp\/v2\/users\/1"}],"replies":[{"embeddable":true,"href":"https:\/\/archive.sana.sy\/tr\/index.php?rest_route=%2Fwp%2Fv2%2Fcomments&post=247329"}],"version-history":[{"count":0,"href":"https:\/\/archive.sana.sy\/tr\/index.php?rest_route=\/wp\/v2\/posts\/247329\/revisions"}],"wp:featuredmedia":[{"embeddable":true,"href":"https:\/\/archive.sana.sy\/tr\/index.php?rest_route=\/wp\/v2\/media\/247330"}],"wp:attachment":[{"href":"https:\/\/archive.sana.sy\/tr\/index.php?rest_route=%2Fwp%2Fv2%2Fmedia&parent=247329"}],"wp:term":[{"taxonomy":"category","embeddable":true,"href":"https:\/\/archive.sana.sy\/tr\/index.php?rest_route=%2Fwp%2Fv2%2Fcategories&post=247329"},{"taxonomy":"post_tag","embeddable":true,"href":"https:\/\/archive.sana.sy\/tr\/index.php?rest_route=%2Fwp%2Fv2%2Ftags&post=247329"}],"curies":[{"name":"wp","href":"https:\/\/api.w.org\/{rel}","templated":true}]}}