{"id":247333,"date":"2021-12-15T20:21:46","date_gmt":"2021-12-15T18:21:46","guid":{"rendered":"http:\/\/107.6.182.27\/tr\/?p=247333"},"modified":"2021-12-17T08:57:41","modified_gmt":"2021-12-17T06:57:41","slug":"cumhurbaskani-esad-sivil-ve-askeri-personel-maas-ve-ucretlerini-yuzde-30-oraninda-artiran-bir-kararname-cikardi","status":"publish","type":"post","link":"https:\/\/archive.sana.sy\/tr\/?p=247333","title":{"rendered":"Cumhurba\u015fkan\u0131 Esad, Sivil Ve Askeri Personel Maa\u015f Ve \u00dccretlerini Y\u00fczde 30 Oran\u0131nda Art\u0131ran Bir Kararname \u00c7\u0131kard\u0131."},"content":{"rendered":"<p>\u015eAM &#8211; Cumhurba\u015fkan\u0131 Be\u015f\u015far Esad bug\u00fcn, hem sivil hem de askeri personel i\u00e7in bu kararname tarihinde y\u00fcr\u00fcrl\u00fckte olan maa\u015f ve \u00fccretlere y\u00fczde 30 oran\u0131nda art\u0131rmak i\u00e7in 2021 y\u0131l\u0131 29 Say\u0131l\u0131 Kanun H\u00fckm\u00fcnde Kararname yay\u0131nlad\u0131.<\/p>\n","protected":false},"excerpt":{"rendered":"<p>\u015eAM &#8211; Cumhurba\u015fkan\u0131 Be\u015f\u015far Esad bug\u00fcn, hem sivil hem de askeri personel i\u00e7in bu kararname tarihinde y\u00fcr\u00fcrl\u00fckte olan maa\u015f ve \u00fccretlere y\u00fczde 30 oran\u0131nda art\u0131rmak i\u00e7in 2021 y\u0131l\u0131 29 Say\u0131l\u0131 Kanun H\u00fckm\u00fcnde Kararname yay\u0131nlad\u0131.<\/p>\n","protected":false},"author":1,"featured_media":247335,"comment_status":"closed","ping_status":"closed","sticky":false,"template":"","format":"standard","meta":{"footnotes":""},"categories":[605,17988,612,599],"tags":[],"class_list":["post-247333","post","type-post","status-publish","format-standard","has-post-thumbnail","","category-sayin-cumhurbaskani","category-son-haberler","category-yasama-kararnameler","category-yasama-ve-kanunlar"],"_links":{"self":[{"href":"https:\/\/archive.sana.sy\/tr\/index.php?rest_route=\/wp\/v2\/posts\/247333","targetHints":{"allow":["GET"]}}],"collection":[{"href":"https:\/\/archive.sana.sy\/tr\/index.php?rest_route=\/wp\/v2\/posts"}],"about":[{"href":"https:\/\/archive.sana.sy\/tr\/index.php?rest_route=\/wp\/v2\/types\/post"}],"author":[{"embeddable":true,"href":"https:\/\/archive.sana.sy\/tr\/index.php?rest_route=\/wp\/v2\/users\/1"}],"replies":[{"embeddable":true,"href":"https:\/\/archive.sana.sy\/tr\/index.php?rest_route=%2Fwp%2Fv2%2Fcomments&post=247333"}],"version-history":[{"count":0,"href":"https:\/\/archive.sana.sy\/tr\/index.php?rest_route=\/wp\/v2\/posts\/247333\/revisions"}],"wp:featuredmedia":[{"embeddable":true,"href":"https:\/\/archive.sana.sy\/tr\/index.php?rest_route=\/wp\/v2\/media\/247335"}],"wp:attachment":[{"href":"https:\/\/archive.sana.sy\/tr\/index.php?rest_route=%2Fwp%2Fv2%2Fmedia&parent=247333"}],"wp:term":[{"taxonomy":"category","embeddable":true,"href":"https:\/\/archive.sana.sy\/tr\/index.php?rest_route=%2Fwp%2Fv2%2Fcategories&post=247333"},{"taxonomy":"post_tag","embeddable":true,"href":"https:\/\/archive.sana.sy\/tr\/index.php?rest_route=%2Fwp%2Fv2%2Ftags&post=247333"}],"curies":[{"name":"wp","href":"https:\/\/api.w.org\/{rel}","templated":true}]}}