{"id":247339,"date":"2021-12-15T20:53:15","date_gmt":"2021-12-15T18:53:15","guid":{"rendered":"http:\/\/107.6.182.27\/tr\/?p=247339"},"modified":"2021-12-17T08:57:45","modified_gmt":"2021-12-17T06:57:45","slug":"halep-ureticiler-fuari-ikinci-donem-etkinlikleri-basladi","status":"publish","type":"post","link":"https:\/\/archive.sana.sy\/tr\/?p=247339","title":{"rendered":"Halep \u00dcreticiler Fuar\u0131 \u0130kinci \u010e\u00f6nem Etkinlikleri Ba\u015flad\u0131"},"content":{"rendered":"<p style=\"text-align: justify;\">HALEP &#8211; Han Al \u015eona&#8217;n\u0131n ev sahipli\u011finde Halep&#8217;in eski kentinde d\u00fczenlenen \u00dcreticiler Fuar\u0131&#8217;n\u0131n ikincisi bug\u00fcn meslek sahipleri, at\u00f6lyeler ve k\u00fc\u00e7\u00fck end\u00fcstrilerden yakla\u015f\u0131k 258 \u00fcreticinin kat\u0131l\u0131m\u0131yla ba\u015flad\u0131. G\u0131da maddeleri, giyim, deri, el sanatlar\u0131, mobilyalar, m\u00fchendislik end\u00fcstrileri ve di\u011fer \u00fcr\u00fcnlerini sergilemek i\u00e7in 107&#8217;den fazla pavyona da\u011f\u0131l\u0131yor..<\/p>\n<p><a href=\"http:\/\/107.6.182.27\/tr\/wp-content\/uploads\/2021\/12\/photo_2021-12-15_17-54-25-scaled.jpg\"><img loading=\"lazy\" decoding=\"async\" class=\"size-medium wp-image-247341 alignright\" src=\"http:\/\/107.6.182.27\/tr\/wp-content\/uploads\/2021\/12\/photo_2021-12-15_17-54-25-300x168.jpg\" alt=\"\" width=\"300\" height=\"168\" srcset=\"https:\/\/archive.sana.sy\/tr\/wp-content\/uploads\/2021\/12\/photo_2021-12-15_17-54-25-300x168.jpg 300w, https:\/\/archive.sana.sy\/tr\/wp-content\/uploads\/2021\/12\/photo_2021-12-15_17-54-25-1024x573.jpg 1024w, https:\/\/archive.sana.sy\/tr\/wp-content\/uploads\/2021\/12\/photo_2021-12-15_17-54-25-150x84.jpg 150w, https:\/\/archive.sana.sy\/tr\/wp-content\/uploads\/2021\/12\/photo_2021-12-15_17-54-25-768x430.jpg 768w, https:\/\/archive.sana.sy\/tr\/wp-content\/uploads\/2021\/12\/photo_2021-12-15_17-54-25-1536x860.jpg 1536w, https:\/\/archive.sana.sy\/tr\/wp-content\/uploads\/2021\/12\/photo_2021-12-15_17-54-25-2048x1147.jpg 2048w\" sizes=\"auto, (max-width: 300px) 100vw, 300px\" \/><\/a><\/p>\n<p style=\"text-align: justify;\">\u00a0Arap Sergiler ve Konferanslar Grubu Direkt\u00f6r\u00fc Alaa Hilal, SANA muhabirine yapt\u0131\u011f\u0131 a\u00e7\u0131klamada, fuar\u0131n bu ay\u0131n yirmisine kadar devam edece\u011fini, mikro projelerin \u00fcr\u00fcnlerini i\u00e7erdi\u011fini ve kat\u0131l\u0131mc\u0131lar\u0131n \u00fcretim ve \u00e7al\u0131\u015fma konusundaki \u0131srarlar\u0131n\u0131 yans\u0131tt\u0131\u011f\u0131n\u0131 s\u00f6yledi.<\/p>\n<p style=\"text-align: justify;\">Halep&#8217;teki ve valiliklerdeki t\u00fcm gen\u00e7 giri\u015fimcileri Han Al \u015eona&#8217;y\u0131 ziyaret etmeye ve \u00dcreticiler Fuar\u0131 kapsam\u0131nda sunulan f\u0131rsatlardan yararlanmaya \u00e7a\u011f\u0131ran Hilal, Halep ve k\u0131rsal\u0131n\u0131 da fuar\u0131 ziyaret etmeye ve rekabet\u00e7i fiyatlarla buradan al\u0131\u015fveri\u015f yapmaya davet etti. . \u00dcreticiler Fuar\u0131&#8217;n\u0131n ilki, 2020 y\u0131l\u0131n\u0131n Kas\u0131m ay\u0131nda \u015eam&#8217;daki S\u00fcleymaniye K\u00fclliyesi&#8217;nde ba\u015flat\u0131ld\u0131.<\/p>\n<div id='gallery-1' class='gallery galleryid-247339 gallery-columns-3 gallery-size-full'><figure class='gallery-item'>\n\t\t\t<div class='gallery-icon landscape'>\n\t\t\t\t<a href='https:\/\/archive.sana.sy\/tr\/wp-content\/uploads\/2021\/12\/photo_2021-12-15_17-54-21-scaled.jpg'><img loading=\"lazy\" decoding=\"async\" width=\"2560\" height=\"1708\" src=\"https:\/\/archive.sana.sy\/tr\/wp-content\/uploads\/2021\/12\/photo_2021-12-15_17-54-21-scaled.jpg\" class=\"attachment-full size-full\" alt=\"\" srcset=\"https:\/\/archive.sana.sy\/tr\/wp-content\/uploads\/2021\/12\/photo_2021-12-15_17-54-21-scaled.jpg 2560w, https:\/\/archive.sana.sy\/tr\/wp-content\/uploads\/2021\/12\/photo_2021-12-15_17-54-21-300x200.jpg 300w, https:\/\/archive.sana.sy\/tr\/wp-content\/uploads\/2021\/12\/photo_2021-12-15_17-54-21-1024x683.jpg 1024w, https:\/\/archive.sana.sy\/tr\/wp-content\/uploads\/2021\/12\/photo_2021-12-15_17-54-21-150x100.jpg 150w, https:\/\/archive.sana.sy\/tr\/wp-content\/uploads\/2021\/12\/photo_2021-12-15_17-54-21-768x512.jpg 768w, https:\/\/archive.sana.sy\/tr\/wp-content\/uploads\/2021\/12\/photo_2021-12-15_17-54-21-1536x1025.jpg 1536w, https:\/\/archive.sana.sy\/tr\/wp-content\/uploads\/2021\/12\/photo_2021-12-15_17-54-21-2048x1366.jpg 2048w\" sizes=\"auto, (max-width: 2560px) 100vw, 2560px\" \/><\/a>\n\t\t\t<\/div><\/figure><figure class='gallery-item'>\n\t\t\t<div class='gallery-icon landscape'>\n\t\t\t\t<a href='https:\/\/archive.sana.sy\/tr\/wp-content\/uploads\/2021\/12\/photo_2021-12-15_17-54-22-scaled.jpg'><img loading=\"lazy\" decoding=\"async\" width=\"2560\" height=\"1397\" src=\"https:\/\/archive.sana.sy\/tr\/wp-content\/uploads\/2021\/12\/photo_2021-12-15_17-54-22-scaled.jpg\" class=\"attachment-full size-full\" alt=\"\" srcset=\"https:\/\/archive.sana.sy\/tr\/wp-content\/uploads\/2021\/12\/photo_2021-12-15_17-54-22-scaled.jpg 2560w, https:\/\/archive.sana.sy\/tr\/wp-content\/uploads\/2021\/12\/photo_2021-12-15_17-54-22-300x164.jpg 300w, https:\/\/archive.sana.sy\/tr\/wp-content\/uploads\/2021\/12\/photo_2021-12-15_17-54-22-1024x559.jpg 1024w, https:\/\/archive.sana.sy\/tr\/wp-content\/uploads\/2021\/12\/photo_2021-12-15_17-54-22-150x82.jpg 150w, https:\/\/archive.sana.sy\/tr\/wp-content\/uploads\/2021\/12\/photo_2021-12-15_17-54-22-768x419.jpg 768w, https:\/\/archive.sana.sy\/tr\/wp-content\/uploads\/2021\/12\/photo_2021-12-15_17-54-22-1536x838.jpg 1536w, https:\/\/archive.sana.sy\/tr\/wp-content\/uploads\/2021\/12\/photo_2021-12-15_17-54-22-2048x1117.jpg 2048w\" sizes=\"auto, (max-width: 2560px) 100vw, 2560px\" \/><\/a>\n\t\t\t<\/div><\/figure><figure class='gallery-item'>\n\t\t\t<div class='gallery-icon landscape'>\n\t\t\t\t<a href='https:\/\/archive.sana.sy\/tr\/wp-content\/uploads\/2021\/12\/photo_2021-12-15_17-54-28-2-scaled.jpg'><img loading=\"lazy\" decoding=\"async\" width=\"2560\" height=\"1268\" src=\"https:\/\/archive.sana.sy\/tr\/wp-content\/uploads\/2021\/12\/photo_2021-12-15_17-54-28-2-scaled.jpg\" class=\"attachment-full size-full\" alt=\"\" srcset=\"https:\/\/archive.sana.sy\/tr\/wp-content\/uploads\/2021\/12\/photo_2021-12-15_17-54-28-2-scaled.jpg 2560w, https:\/\/archive.sana.sy\/tr\/wp-content\/uploads\/2021\/12\/photo_2021-12-15_17-54-28-2-300x149.jpg 300w, https:\/\/archive.sana.sy\/tr\/wp-content\/uploads\/2021\/12\/photo_2021-12-15_17-54-28-2-1024x507.jpg 1024w, https:\/\/archive.sana.sy\/tr\/wp-content\/uploads\/2021\/12\/photo_2021-12-15_17-54-28-2-150x74.jpg 150w, https:\/\/archive.sana.sy\/tr\/wp-content\/uploads\/2021\/12\/photo_2021-12-15_17-54-28-2-768x380.jpg 768w, https:\/\/archive.sana.sy\/tr\/wp-content\/uploads\/2021\/12\/photo_2021-12-15_17-54-28-2-1536x761.jpg 1536w, https:\/\/archive.sana.sy\/tr\/wp-content\/uploads\/2021\/12\/photo_2021-12-15_17-54-28-2-2048x1014.jpg 2048w\" sizes=\"auto, (max-width: 2560px) 100vw, 2560px\" \/><\/a>\n\t\t\t<\/div><\/figure>\n\t\t<\/div>\n\n","protected":false},"excerpt":{"rendered":"<p>HALEP &#8211; Han Al \u015eona&#8217;n\u0131n ev sahipli\u011finde Halep&#8217;in eski kentinde d\u00fczenlenen \u00dcreticiler Fuar\u0131&#8217;n\u0131n ikincisi bug\u00fcn meslek sahipleri, at\u00f6lyeler ve k\u00fc\u00e7\u00fck end\u00fcstrilerden yakla\u015f\u0131k 258 \u00fcreticinin kat\u0131l\u0131m\u0131yla ba\u015flad\u0131. G\u0131da maddeleri, giyim, deri, el sanatlar\u0131, mobilyalar, m\u00fchendislik end\u00fcstrileri ve di\u011fer \u00fcr\u00fcnlerini sergilemek i\u00e7in 107&#8217;den fazla pavyona da\u011f\u0131l\u0131yor.. \u00a0Arap Sergiler ve Konferanslar Grubu Direkt\u00f6r\u00fc Alaa Hilal, SANA muhabirine yapt\u0131\u011f\u0131 &hellip;<\/p>\n","protected":false},"author":1,"featured_media":247340,"comment_status":"closed","ping_status":"closed","sticky":false,"template":"","format":"standard","meta":{"footnotes":""},"categories":[479,17988,478],"tags":[],"class_list":["post-247339","post","type-post","status-publish","format-standard","has-post-thumbnail","","category-haberler-yerel","category-son-haberler","category-yerel"],"_links":{"self":[{"href":"https:\/\/archive.sana.sy\/tr\/index.php?rest_route=\/wp\/v2\/posts\/247339","targetHints":{"allow":["GET"]}}],"collection":[{"href":"https:\/\/archive.sana.sy\/tr\/index.php?rest_route=\/wp\/v2\/posts"}],"about":[{"href":"https:\/\/archive.sana.sy\/tr\/index.php?rest_route=\/wp\/v2\/types\/post"}],"author":[{"embeddable":true,"href":"https:\/\/archive.sana.sy\/tr\/index.php?rest_route=\/wp\/v2\/users\/1"}],"replies":[{"embeddable":true,"href":"https:\/\/archive.sana.sy\/tr\/index.php?rest_route=%2Fwp%2Fv2%2Fcomments&post=247339"}],"version-history":[{"count":0,"href":"https:\/\/archive.sana.sy\/tr\/index.php?rest_route=\/wp\/v2\/posts\/247339\/revisions"}],"wp:featuredmedia":[{"embeddable":true,"href":"https:\/\/archive.sana.sy\/tr\/index.php?rest_route=\/wp\/v2\/media\/247340"}],"wp:attachment":[{"href":"https:\/\/archive.sana.sy\/tr\/index.php?rest_route=%2Fwp%2Fv2%2Fmedia&parent=247339"}],"wp:term":[{"taxonomy":"category","embeddable":true,"href":"https:\/\/archive.sana.sy\/tr\/index.php?rest_route=%2Fwp%2Fv2%2Fcategories&post=247339"},{"taxonomy":"post_tag","embeddable":true,"href":"https:\/\/archive.sana.sy\/tr\/index.php?rest_route=%2Fwp%2Fv2%2Ftags&post=247339"}],"curies":[{"name":"wp","href":"https:\/\/api.w.org\/{rel}","templated":true}]}}