{"id":247351,"date":"2021-12-16T08:39:31","date_gmt":"2021-12-16T06:39:31","guid":{"rendered":"http:\/\/107.6.182.27\/tr\/?p=247351"},"modified":"2021-12-17T08:57:57","modified_gmt":"2021-12-17T06:57:57","slug":"hava-savunmamiz-israil-saldirisina-karsi-koydu-2","status":"publish","type":"post","link":"https:\/\/archive.sana.sy\/tr\/?p=247351","title":{"rendered":"Hava Savunmam\u0131z, \u0130srail Sald\u0131r\u0131s\u0131na Kar\u015f\u0131 Koydu"},"content":{"rendered":"<p>\u015eAM \u2013 Suriye Arap Ordusunun hava savunmas\u0131, g\u00fcney b\u00f6lgedeki baz\u0131 noktalara \u0130srail\u2019in f\u00fczeli sald\u0131r\u0131s\u0131na kar\u015f\u0131 koyarak d\u00fc\u015fman f\u00fczelerin \u00e7o\u011funu d\u00fc\u015f\u00fcrd\u00fc.<\/p>\n<p>Askeri bir kaynak, bu sabah saat 12:50 sular\u0131nda d\u00fc\u015fman \u0130srail i\u015fgali alt\u0131ndaki Suriyeli Golan y\u00f6n\u00fcnden g\u00fcney b\u00f6lgedeki baz\u0131 noktalara y\u00f6nelik hava sald\u0131r\u0131s\u0131 ger\u00e7ekle\u015ftirdi\u011fini belirtirken, hava savunma sistemlerimizin bu f\u00fczelere kar\u015f\u0131 koydu\u011funu ve \u00e7o\u011funu d\u00fc\u015f\u00fcrd\u00fc\u011f\u00fcne i\u015faret etti.<\/p>\n<p>Kaynak, s\u00f6z konusu sald\u0131r\u0131 sonucunda, bir askerin yaralanmas\u0131na ve baz\u0131 maddi kay\u0131plara yol a\u00e7t\u0131\u011f\u0131na dikkat \u00e7ekti.<\/p>\n","protected":false},"excerpt":{"rendered":"<p>\u015eAM \u2013 Suriye Arap Ordusunun hava savunmas\u0131, g\u00fcney b\u00f6lgedeki baz\u0131 noktalara \u0130srail\u2019in f\u00fczeli sald\u0131r\u0131s\u0131na kar\u015f\u0131 koyarak d\u00fc\u015fman f\u00fczelerin \u00e7o\u011funu d\u00fc\u015f\u00fcrd\u00fc. Askeri bir kaynak, bu sabah saat 12:50 sular\u0131nda d\u00fc\u015fman \u0130srail i\u015fgali alt\u0131ndaki Suriyeli Golan y\u00f6n\u00fcnden g\u00fcney b\u00f6lgedeki baz\u0131 noktalara y\u00f6nelik hava sald\u0131r\u0131s\u0131 ger\u00e7ekle\u015ftirdi\u011fini belirtirken, hava savunma sistemlerimizin bu f\u00fczelere kar\u015f\u0131 koydu\u011funu ve \u00e7o\u011funu d\u00fc\u015f\u00fcrd\u00fc\u011f\u00fcne i\u015faret &hellip;<\/p>\n","protected":false},"author":36,"featured_media":247352,"comment_status":"closed","ping_status":"closed","sticky":false,"template":"","format":"standard","meta":{"footnotes":""},"categories":[479,575,17988,478],"tags":[],"class_list":["post-247351","post","type-post","status-publish","format-standard","has-post-thumbnail","","category-haberler-yerel","category-olaylar-ve-gercekler","category-son-haberler","category-yerel"],"_links":{"self":[{"href":"https:\/\/archive.sana.sy\/tr\/index.php?rest_route=\/wp\/v2\/posts\/247351","targetHints":{"allow":["GET"]}}],"collection":[{"href":"https:\/\/archive.sana.sy\/tr\/index.php?rest_route=\/wp\/v2\/posts"}],"about":[{"href":"https:\/\/archive.sana.sy\/tr\/index.php?rest_route=\/wp\/v2\/types\/post"}],"author":[{"embeddable":true,"href":"https:\/\/archive.sana.sy\/tr\/index.php?rest_route=\/wp\/v2\/users\/36"}],"replies":[{"embeddable":true,"href":"https:\/\/archive.sana.sy\/tr\/index.php?rest_route=%2Fwp%2Fv2%2Fcomments&post=247351"}],"version-history":[{"count":0,"href":"https:\/\/archive.sana.sy\/tr\/index.php?rest_route=\/wp\/v2\/posts\/247351\/revisions"}],"wp:featuredmedia":[{"embeddable":true,"href":"https:\/\/archive.sana.sy\/tr\/index.php?rest_route=\/wp\/v2\/media\/247352"}],"wp:attachment":[{"href":"https:\/\/archive.sana.sy\/tr\/index.php?rest_route=%2Fwp%2Fv2%2Fmedia&parent=247351"}],"wp:term":[{"taxonomy":"category","embeddable":true,"href":"https:\/\/archive.sana.sy\/tr\/index.php?rest_route=%2Fwp%2Fv2%2Fcategories&post=247351"},{"taxonomy":"post_tag","embeddable":true,"href":"https:\/\/archive.sana.sy\/tr\/index.php?rest_route=%2Fwp%2Fv2%2Ftags&post=247351"}],"curies":[{"name":"wp","href":"https:\/\/api.w.org\/{rel}","templated":true}]}}