{"id":247360,"date":"2021-12-16T10:04:10","date_gmt":"2021-12-16T08:04:10","guid":{"rendered":"http:\/\/107.6.182.27\/tr\/?p=247360"},"modified":"2021-12-17T08:58:00","modified_gmt":"2021-12-17T06:58:00","slug":"deyrezzor-ilindeki-kapsamli-cozum-surecine-binlerce-kisi-katildi","status":"publish","type":"post","link":"https:\/\/archive.sana.sy\/tr\/?p=247360","title":{"rendered":"Deyrezzor \u0130lindeki Kapsaml\u0131 \u00c7\u00f6z\u00fcm S\u00fcrecine Binlerce Ki\u015fi Kat\u0131ld\u0131"},"content":{"rendered":"<p>DEYREZZOR \u2013 SANA muhabiri, aranan siviller ve ka\u00e7an askeri personel ile zorunlu ve yedek askerlik hizmetlerini yerine getirmeyenlerin de dahil olmak \u00fczere il halk\u0131na y\u00f6nelik kapsaml\u0131 \u00e7\u00f6z\u00fcm s\u00fcreci \u00e7er\u00e7evesinde Deyrezzor k\u0131rsal\u0131ndaki El bukmal kent merkezinde yakla\u015f\u0131k 6 bin ki\u015finin durumunun \u00e7\u00f6z\u00fcld\u00fc\u011f\u00fcn\u00fc belirtti.<\/p>\n<div id='gallery-1' class='gallery galleryid-247360 gallery-columns-1 gallery-size-full'><figure class='gallery-item'>\n\t\t\t<div class='gallery-icon landscape'>\n\t\t\t\t<a href='https:\/\/archive.sana.sy\/tr\/wp-content\/uploads\/2021\/12\/photo_2021-12-16_10-10-15.jpg'><img loading=\"lazy\" decoding=\"async\" width=\"660\" height=\"341\" src=\"https:\/\/archive.sana.sy\/tr\/wp-content\/uploads\/2021\/12\/photo_2021-12-16_10-10-15.jpg\" class=\"attachment-full size-full\" alt=\"\" srcset=\"https:\/\/archive.sana.sy\/tr\/wp-content\/uploads\/2021\/12\/photo_2021-12-16_10-10-15.jpg 660w, https:\/\/archive.sana.sy\/tr\/wp-content\/uploads\/2021\/12\/photo_2021-12-16_10-10-15-300x155.jpg 300w, https:\/\/archive.sana.sy\/tr\/wp-content\/uploads\/2021\/12\/photo_2021-12-16_10-10-15-150x78.jpg 150w\" sizes=\"auto, (max-width: 660px) 100vw, 660px\" \/><\/a>\n\t\t\t<\/div><\/figure><figure class='gallery-item'>\n\t\t\t<div class='gallery-icon landscape'>\n\t\t\t\t<a href='https:\/\/archive.sana.sy\/tr\/wp-content\/uploads\/2021\/12\/photo_2021-12-16_10-10-15-2.jpg'><img loading=\"lazy\" decoding=\"async\" width=\"660\" height=\"397\" src=\"https:\/\/archive.sana.sy\/tr\/wp-content\/uploads\/2021\/12\/photo_2021-12-16_10-10-15-2.jpg\" class=\"attachment-full size-full\" alt=\"\" srcset=\"https:\/\/archive.sana.sy\/tr\/wp-content\/uploads\/2021\/12\/photo_2021-12-16_10-10-15-2.jpg 660w, https:\/\/archive.sana.sy\/tr\/wp-content\/uploads\/2021\/12\/photo_2021-12-16_10-10-15-2-300x180.jpg 300w, https:\/\/archive.sana.sy\/tr\/wp-content\/uploads\/2021\/12\/photo_2021-12-16_10-10-15-2-150x90.jpg 150w\" sizes=\"auto, (max-width: 660px) 100vw, 660px\" \/><\/a>\n\t\t\t<\/div><\/figure>\n\t\t<\/div>\n\n","protected":false},"excerpt":{"rendered":"<p>DEYREZZOR \u2013 SANA muhabiri, aranan siviller ve ka\u00e7an askeri personel ile zorunlu ve yedek askerlik hizmetlerini yerine getirmeyenlerin de dahil olmak \u00fczere il halk\u0131na y\u00f6nelik kapsaml\u0131 \u00e7\u00f6z\u00fcm s\u00fcreci \u00e7er\u00e7evesinde Deyrezzor k\u0131rsal\u0131ndaki El bukmal kent merkezinde yakla\u015f\u0131k 6 bin ki\u015finin durumunun \u00e7\u00f6z\u00fcld\u00fc\u011f\u00fcn\u00fc belirtti.<\/p>\n","protected":false},"author":36,"featured_media":247363,"comment_status":"closed","ping_status":"closed","sticky":false,"template":"","format":"standard","meta":{"footnotes":""},"categories":[596,479,17988,478],"tags":[],"class_list":["post-247360","post","type-post","status-publish","format-standard","has-post-thumbnail","","category-fotografli-raporlar","category-haberler-yerel","category-son-haberler","category-yerel"],"_links":{"self":[{"href":"https:\/\/archive.sana.sy\/tr\/index.php?rest_route=\/wp\/v2\/posts\/247360","targetHints":{"allow":["GET"]}}],"collection":[{"href":"https:\/\/archive.sana.sy\/tr\/index.php?rest_route=\/wp\/v2\/posts"}],"about":[{"href":"https:\/\/archive.sana.sy\/tr\/index.php?rest_route=\/wp\/v2\/types\/post"}],"author":[{"embeddable":true,"href":"https:\/\/archive.sana.sy\/tr\/index.php?rest_route=\/wp\/v2\/users\/36"}],"replies":[{"embeddable":true,"href":"https:\/\/archive.sana.sy\/tr\/index.php?rest_route=%2Fwp%2Fv2%2Fcomments&post=247360"}],"version-history":[{"count":0,"href":"https:\/\/archive.sana.sy\/tr\/index.php?rest_route=\/wp\/v2\/posts\/247360\/revisions"}],"wp:featuredmedia":[{"embeddable":true,"href":"https:\/\/archive.sana.sy\/tr\/index.php?rest_route=\/wp\/v2\/media\/247363"}],"wp:attachment":[{"href":"https:\/\/archive.sana.sy\/tr\/index.php?rest_route=%2Fwp%2Fv2%2Fmedia&parent=247360"}],"wp:term":[{"taxonomy":"category","embeddable":true,"href":"https:\/\/archive.sana.sy\/tr\/index.php?rest_route=%2Fwp%2Fv2%2Fcategories&post=247360"},{"taxonomy":"post_tag","embeddable":true,"href":"https:\/\/archive.sana.sy\/tr\/index.php?rest_route=%2Fwp%2Fv2%2Ftags&post=247360"}],"curies":[{"name":"wp","href":"https:\/\/api.w.org\/{rel}","templated":true}]}}