{"id":247404,"date":"2021-12-17T20:13:47","date_gmt":"2021-12-17T18:13:47","guid":{"rendered":"http:\/\/107.6.182.27\/tr\/?p=247404"},"modified":"2021-12-19T08:34:57","modified_gmt":"2021-12-19T06:34:57","slug":"arap-muhendisler-birligi-heyetine-cumhurbaskani-el-esad-orgutler-ve-sendikalar-arasindaki-diyalog-arap-halklarinin-muzdarip-oldugu-konulari-ve-sorunlari-tartismak-icin-bir-platformdur","status":"publish","type":"post","link":"https:\/\/archive.sana.sy\/tr\/?p=247404","title":{"rendered":"Arap M\u00fchendisler Birli\u011fi Heyetine Cumhurba\u015fkan\u0131 el Esad: \u00d6rg\u00fctler ve Sendikalar Aras\u0131ndaki Diyalog, Arap Halklar\u0131n\u0131n Muzdarip Oldu\u011fu Konular\u0131 ve Sorunlar\u0131 Tart\u0131\u015fmak \u0130\u00e7in Bir Platformdur"},"content":{"rendered":"<p style=\"text-align: justify;\">\u015eAM \u2013 Cumhurba\u015fkan\u0131 Be\u015f\u015far el Esad bug\u00fcn, Birlik Genel Sekreteri Adel el Hadisi ba\u015fkanl\u0131\u011f\u0131ndaki Arap M\u00fchendisler Birli\u011fi&#8217;nden bir heyeti kabul etti.<\/p>\n<p style=\"text-align: justify;\">G\u00f6r\u00fc\u015fmede Cumhurba\u015fkan\u0131 el Esad, Arap \u00f6rg\u00fctleri ve federasyonlar\u0131 aras\u0131ndaki diyalogun fikir al\u0131\u015fveri\u015fi, mesleki ve teknik deneyimler i\u00e7in bir f\u0131rsat ve Arap halklar\u0131n\u0131n muzdarip oldu\u011fu konular\u0131 ve sorunlar\u0131 tart\u0131\u015fmak ve onlar\u0131 \u00e7\u00f6zme konusunda katk\u0131da bulunabilecek \u00e7\u00f6z\u00fcmler \u00f6nermek i\u00e7in bir platform olarak \u00f6nemini vurgulad\u0131. Cumhurba\u015fkan\u0131 el Esad, bu \u00f6rg\u00fctler Arap halklar\u0131n\u0131n ger\u00e7ek nabz\u0131n\u0131 ifade etmekte ve Arap halk birli\u011fini sa\u011flamada \u00f6nemli bir siyasi ve sosyal role sahip olduklar\u0131na i\u015faret etti.<\/p>\n<p style=\"text-align: justify;\">Devlet Ba\u015fkan\u0131 Esad, \u00f6rg\u00fctlerin ve sendikalar\u0131n \u00e7al\u0131\u015fmalar\u0131n\u0131n ana amac\u0131n\u0131n, onlara ortak Arap ekonomileri kurmak i\u00e7in bir ba\u015flang\u0131\u00e7 \u200b\u200bnoktas\u0131 olu\u015fturan birle\u015ftirici ekonomik ve teknik proje ve fikirleri sunmakta ve Arap \u00fclkeleri ve halklar\u0131n\u0131n \u00e7\u0131karlar\u0131na dayal\u0131 stratejik bir vizyonla ba\u015flamakta yatt\u0131\u011f\u0131na dikkat \u00e7ekti.<\/p>\n<p style=\"text-align: justify;\">\u00d6te yandan heyet \u00fcyeleri, Arap-Arap yat\u0131r\u0131mlar\u0131n\u0131n b\u00fcy\u00fck \u00f6nemini ve Arap halklar\u0131n\u0131n ger\u00e7ekli\u011fini iyile\u015ftirme konusundaki b\u00fcy\u00fck yans\u0131malar\u0131n\u0131 ve sendikalar\u0131n bu yat\u0131r\u0131mlar\u0131n ger\u00e7ekle\u015ftirilmesine katk\u0131da bulunma ve onlar\u0131 engelleyebilecek engellerin kald\u0131r\u0131lmas\u0131ndaki rol\u00fcn\u00fc vurgularken, bu yat\u0131r\u0131mlar\u0131n \u00f6ncelikle Suriye&#8217;de ter\u00f6rizm taraf\u0131ndan tahrip edilenlerin yeniden in\u015fas\u0131na kat\u0131lmaya y\u00f6nelik olmas\u0131 gerekti\u011fini g\u00f6z \u00f6n\u00fcnde bulundu.<\/p>\n<p style=\"text-align: justify;\">P.M.<\/p>\n","protected":false},"excerpt":{"rendered":"<p>\u015eAM \u2013 Cumhurba\u015fkan\u0131 Be\u015f\u015far el Esad bug\u00fcn, Birlik Genel Sekreteri Adel el Hadisi ba\u015fkanl\u0131\u011f\u0131ndaki Arap M\u00fchendisler Birli\u011fi&#8217;nden bir heyeti kabul etti. G\u00f6r\u00fc\u015fmede Cumhurba\u015fkan\u0131 el Esad, Arap \u00f6rg\u00fctleri ve federasyonlar\u0131 aras\u0131ndaki diyalogun fikir al\u0131\u015fveri\u015fi, mesleki ve teknik deneyimler i\u00e7in bir f\u0131rsat ve Arap halklar\u0131n\u0131n muzdarip oldu\u011fu konular\u0131 ve sorunlar\u0131 tart\u0131\u015fmak ve onlar\u0131 \u00e7\u00f6zme konusunda katk\u0131da bulunabilecek &hellip;<\/p>\n","protected":false},"author":1,"featured_media":247405,"comment_status":"closed","ping_status":"closed","sticky":false,"template":"","format":"standard","meta":{"footnotes":""},"categories":[606,608,479,17988,478],"tags":[],"class_list":["post-247404","post","type-post","status-publish","format-standard","has-post-thumbnail","","category-cumhurbaskani","category-etkinlikler","category-haberler-yerel","category-son-haberler","category-yerel"],"_links":{"self":[{"href":"https:\/\/archive.sana.sy\/tr\/index.php?rest_route=\/wp\/v2\/posts\/247404","targetHints":{"allow":["GET"]}}],"collection":[{"href":"https:\/\/archive.sana.sy\/tr\/index.php?rest_route=\/wp\/v2\/posts"}],"about":[{"href":"https:\/\/archive.sana.sy\/tr\/index.php?rest_route=\/wp\/v2\/types\/post"}],"author":[{"embeddable":true,"href":"https:\/\/archive.sana.sy\/tr\/index.php?rest_route=\/wp\/v2\/users\/1"}],"replies":[{"embeddable":true,"href":"https:\/\/archive.sana.sy\/tr\/index.php?rest_route=%2Fwp%2Fv2%2Fcomments&post=247404"}],"version-history":[{"count":0,"href":"https:\/\/archive.sana.sy\/tr\/index.php?rest_route=\/wp\/v2\/posts\/247404\/revisions"}],"wp:featuredmedia":[{"embeddable":true,"href":"https:\/\/archive.sana.sy\/tr\/index.php?rest_route=\/wp\/v2\/media\/247405"}],"wp:attachment":[{"href":"https:\/\/archive.sana.sy\/tr\/index.php?rest_route=%2Fwp%2Fv2%2Fmedia&parent=247404"}],"wp:term":[{"taxonomy":"category","embeddable":true,"href":"https:\/\/archive.sana.sy\/tr\/index.php?rest_route=%2Fwp%2Fv2%2Fcategories&post=247404"},{"taxonomy":"post_tag","embeddable":true,"href":"https:\/\/archive.sana.sy\/tr\/index.php?rest_route=%2Fwp%2Fv2%2Ftags&post=247404"}],"curies":[{"name":"wp","href":"https:\/\/api.w.org\/{rel}","templated":true}]}}