{"id":24743,"date":"2015-02-24T15:56:22","date_gmt":"2015-02-24T13:56:22","guid":{"rendered":"http:\/\/www.sana.sy\/tr\/?p=24743"},"modified":"2015-02-25T18:17:06","modified_gmt":"2015-02-25T16:17:06","slug":"esad-buhari-ve-ona-eslik-eden-heyeti-kabul-etti","status":"publish","type":"post","link":"https:\/\/archive.sana.sy\/tr\/?p=24743","title":{"rendered":"Esad Buhari ve Ona E\u015flik Eden Heyeti Kabul Etti"},"content":{"rendered":"<p>\u015eAM \u2013 Cumhurba\u015fkan\u0131 Be\u015f\u015far el Esad bug\u00fcn Pakistan Senato Konseyi Ba\u015fkan\u0131 ve Asya Parlamenter Cemiyet Ba\u015fkan\u0131 Nayer H\u00fcseyin Buhari ve ona e\u015flik eden heyeti Halk Meclisi Ba\u015fkan\u0131 Muhammed Cihat el Lahham\u2019\u0131n refakatinde kabul etti.<\/p>\n<p>Ba\u015fta muhtelif adland\u0131rmalar\u0131 ve \u015fekilleriyle ter\u00f6r olmak \u00fczere ortak \u00f6nem ta\u015f\u0131yan bir dizi konunun ele al\u0131nd\u0131\u011f\u0131 g\u00f6r\u00fc\u015fmede; t\u00fcm \u00fclkeler taraf\u0131ndan ter\u00f6re kar\u015f\u0131 sava\u015fta ilkeli bir tutumun bulunmas\u0131 \u00f6nemi belirtildi. Ter\u00f6re kar\u015f\u0131 m\u00fccadelede toplu ortak \u00e7al\u0131\u015fmalara te\u015fvik etmekle uluslararas\u0131 aras\u0131 kamuoyunun \u00fcst\u00fcne d\u00fc\u015fen sorumlulu\u011fu \u00fcstlenmesi \u00f6neminin alt\u0131 \u00e7izildi\u011fi g\u00f6r\u00fc\u015fmede; ter\u00f6r\u00fcn istisnas\u0131z t\u00fcm d\u00fcnya halklar\u0131 i\u00e7in bir bela haline geldi\u011fine dikkat \u00e7ekildi.<\/p>\n<p><a href=\"http:\/\/www.sana.sy\/tr\/wp-content\/uploads\/2015\/02\/esad-1.jpg\"><img loading=\"lazy\" decoding=\"async\" class=\"alignright wp-image-24744 size-large\" src=\"http:\/\/www.sana.sy\/tr\/wp-content\/uploads\/2015\/02\/esad-1-1024x449.jpg\" alt=\"esad 1\" width=\"620\" height=\"272\" srcset=\"https:\/\/archive.sana.sy\/tr\/wp-content\/uploads\/2015\/02\/esad-1-1024x449.jpg 1024w, https:\/\/archive.sana.sy\/tr\/wp-content\/uploads\/2015\/02\/esad-1-150x66.jpg 150w, https:\/\/archive.sana.sy\/tr\/wp-content\/uploads\/2015\/02\/esad-1-300x132.jpg 300w\" sizes=\"auto, (max-width: 620px) 100vw, 620px\" \/><\/a>\u0130ki taraf ter\u00f6rle m\u00fccadelede egemen devletlerin i\u00e7i\u015flerine m\u00fcdahale etmeme, toprak b\u00fct\u00fcnl\u00fc\u011f\u00fc ve egemenli\u011fine sayg\u0131 g\u00f6sterme \u00f6neminin alt\u0131n\u0131 \u00e7izerken; halklar\u0131n kendi geleceklerini yabanc\u0131 m\u00fcdahale olmadan kendi elleriyle belirleme haklar\u0131na vurgu yap\u0131ld\u0131.<\/p>\n<p>Parlamentolar\u0131n halklar\u0131 temsil etmesi ve halklar\u0131n \u00e7\u0131karlar\u0131n\u0131 kollamas\u0131 dolay\u0131s\u0131yla parlamentolar aras\u0131ndaki i\u015fbirli\u011finin \u00f6nemine vurgu yap\u0131lan g\u00f6r\u00fc\u015fmede el Esad; Buhari\u2019nin parlamenter ili\u015fkileri peki\u015ftirmekle birlikte ba\u015fkanl\u0131\u011f\u0131n\u0131 y\u00fcr\u00fctt\u00fc\u011f\u00fc Asya Parlamenter Cemiyetinin Asya Parlamentosuna d\u00f6n\u00fc\u015ft\u00fcr\u00fclmesi ama\u00e7l\u0131 \u00e7abalar\u0131na Suriye&#8217;nin deste\u011fini ifade etti.<\/p>\n<p>Kendi taraf\u0131ndan Buhari; Asya Parlamentosunu te\u015fkil etmenin, Asya halklar\u0131n\u0131n muhtelif d\u00fczeylerde \u00e7\u0131karlar\u0131n\u0131 kollamaya katk\u0131 sa\u011flayaca\u011f\u0131n\u0131 s\u00f6yledi.<\/p>\n<p>Buhari Suriye&#8217;nin en yak\u0131n s\u00fcre i\u00e7inde g\u00fcvenlik ve istikrar\u0131na kavu\u015fmas\u0131 temennilerini ifade etti.<\/p>\n<p><span style=\"color: #0000ff\">\u00a0Ter\u00f6re kar\u015f\u0131 M\u00fccadelede \u00c7abalar Birle\u015ftirilip Yo\u011funla\u015ft\u0131r\u0131lmal\u0131d\u0131r<\/span><\/p>\n<p>Di\u011fer yandan Ba\u015fbakan Yard\u0131mc\u0131s\u0131 D\u0131\u015fi\u015fleri ve Gurbet\u00e7iler Bakan\u0131 Velid el Muallim Pakistan Senato Konseyi Ba\u015fkan\u0131 ve Asya Parlamenter Cemiyet Ba\u015fkan\u0131 Buhari ve ona e\u015flik eden heyet ile bir araya geldi.<\/p>\n<p><a href=\"http:\/\/www.sana.sy\/tr\/wp-content\/uploads\/2015\/02\/muallim.jpg\"><img loading=\"lazy\" decoding=\"async\" class=\"alignright wp-image-24756 size-large\" src=\"http:\/\/www.sana.sy\/tr\/wp-content\/uploads\/2015\/02\/muallim-1024x560.jpg\" alt=\"muallim\" width=\"620\" height=\"339\" srcset=\"https:\/\/archive.sana.sy\/tr\/wp-content\/uploads\/2015\/02\/muallim-1024x560.jpg 1024w, https:\/\/archive.sana.sy\/tr\/wp-content\/uploads\/2015\/02\/muallim-150x82.jpg 150w, https:\/\/archive.sana.sy\/tr\/wp-content\/uploads\/2015\/02\/muallim-300x164.jpg 300w\" sizes=\"auto, (max-width: 620px) 100vw, 620px\" \/><\/a>\u0130ki dost \u00fclke aras\u0131ndaki ili\u015fkiler ve bu ili\u015fkileri muhtelif alanlarda geli\u015ftirme olanaklar\u0131n\u0131n masaya yat\u0131r\u0131ld\u0131\u011f\u0131 g\u00f6r\u00fc\u015fmede Muallim; Suriye ve Pakistan\u2019\u0131n maruz kald\u0131\u011f\u0131 ter\u00f6re kar\u015f\u0131 koymada \u00e7abalar\u0131 yo\u011funla\u015ft\u0131rma ve birle\u015ftirmenin \u00f6nemini belirtti.<\/p>\n<p>Muallim ter\u00f6rle m\u00fccadelede ilgili uluslar aras\u0131 kararlar\u0131 uygulaman\u0131n gere\u011fine vurgu yaparken, halklar\u0131n temsilcisi ve uluslar aras\u0131 platformlardaki sesi olmas\u0131 itibar\u0131yla parlamentolar\u0131n ter\u00f6rle m\u00fccadelede oynayabilecekleri \u00f6nemli role dikkat \u00e7ekti.<\/p>\n<p>G\u00f6r\u00fc\u015fmede Buhari ter\u00f6r\u00fcn t\u00fcm d\u00fcnya ve halklar\u0131 i\u00e7in ciddi bir tehlike te\u015fkil etmeye ba\u015flad\u0131\u011f\u0131na i\u015faret ederken ter\u00f6r ve tehlikesine kar\u015f\u0131 koymada uluslar aras\u0131 koordinasyonun \u00f6nemine vurgu yapt\u0131.<\/p>\n<p>Buhari Suriye&#8217;nin en yak\u0131n s\u00fcre i\u00e7inde yeniden g\u00fcvenlik ve istikrar\u0131na kavu\u015fmas\u0131 temennilerini ifade etti.<\/p>\n<p>A.A.<\/p>\n","protected":false},"excerpt":{"rendered":"<p>\u015eAM \u2013 Cumhurba\u015fkan\u0131 Be\u015f\u015far el Esad bug\u00fcn Pakistan Senato Konseyi Ba\u015fkan\u0131 ve Asya Parlamenter Cemiyet Ba\u015fkan\u0131 Nayer H\u00fcseyin Buhari ve ona e\u015flik eden heyeti Halk Meclisi Ba\u015fkan\u0131 Muhammed Cihat el Lahham\u2019\u0131n refakatinde kabul etti. Ba\u015fta muhtelif adland\u0131rmalar\u0131 ve \u015fekilleriyle ter\u00f6r olmak \u00fczere ortak \u00f6nem ta\u015f\u0131yan bir dizi konunun ele al\u0131nd\u0131\u011f\u0131 g\u00f6r\u00fc\u015fmede; t\u00fcm \u00fclkeler taraf\u0131ndan ter\u00f6re &hellip;<\/p>\n","protected":false},"author":1,"featured_media":24745,"comment_status":"closed","ping_status":"closed","sticky":false,"template":"","format":"standard","meta":{"footnotes":""},"categories":[608,479,605,478],"tags":[11818],"class_list":["post-24743","post","type-post","status-publish","format-standard","has-post-thumbnail","","category-etkinlikler","category-haberler-yerel","category-sayin-cumhurbaskani","category-yerel","tag-esad-buhari-ve-ona-eslik-eden-heyeti-kabul-etti-sam-cumhurbaskani-bessar-el-esad-bugun-pakistan-senato-konseyi-baskani-ve-asya-parlamenter-cemiyet-baskani-nayer-huseyin-buhari-ve-ona-eslik-e"],"_links":{"self":[{"href":"https:\/\/archive.sana.sy\/tr\/index.php?rest_route=\/wp\/v2\/posts\/24743","targetHints":{"allow":["GET"]}}],"collection":[{"href":"https:\/\/archive.sana.sy\/tr\/index.php?rest_route=\/wp\/v2\/posts"}],"about":[{"href":"https:\/\/archive.sana.sy\/tr\/index.php?rest_route=\/wp\/v2\/types\/post"}],"author":[{"embeddable":true,"href":"https:\/\/archive.sana.sy\/tr\/index.php?rest_route=\/wp\/v2\/users\/1"}],"replies":[{"embeddable":true,"href":"https:\/\/archive.sana.sy\/tr\/index.php?rest_route=%2Fwp%2Fv2%2Fcomments&post=24743"}],"version-history":[{"count":0,"href":"https:\/\/archive.sana.sy\/tr\/index.php?rest_route=\/wp\/v2\/posts\/24743\/revisions"}],"wp:featuredmedia":[{"embeddable":true,"href":"https:\/\/archive.sana.sy\/tr\/index.php?rest_route=\/wp\/v2\/media\/24745"}],"wp:attachment":[{"href":"https:\/\/archive.sana.sy\/tr\/index.php?rest_route=%2Fwp%2Fv2%2Fmedia&parent=24743"}],"wp:term":[{"taxonomy":"category","embeddable":true,"href":"https:\/\/archive.sana.sy\/tr\/index.php?rest_route=%2Fwp%2Fv2%2Fcategories&post=24743"},{"taxonomy":"post_tag","embeddable":true,"href":"https:\/\/archive.sana.sy\/tr\/index.php?rest_route=%2Fwp%2Fv2%2Ftags&post=24743"}],"curies":[{"name":"wp","href":"https:\/\/api.w.org\/{rel}","templated":true}]}}