{"id":247470,"date":"2021-12-19T12:31:42","date_gmt":"2021-12-19T10:31:42","guid":{"rendered":"http:\/\/107.6.182.27\/tr\/?p=247470"},"modified":"2021-12-22T08:33:59","modified_gmt":"2021-12-22T06:33:59","slug":"amerikan-isgal-gucleri-haseke-kirsalina-yeni-bir-konvoy-gecirdi-6","status":"publish","type":"post","link":"https:\/\/archive.sana.sy\/tr\/?p=247470","title":{"rendered":"Amerikan \u0130\u015fgal G\u00fc\u00e7leri, Haseke K\u0131rsal\u0131na Yeni Bir Konvoy Ge\u00e7irdi"},"content":{"rendered":"<p>HASEKE \u2013 Amerikan i\u015fgal g\u00fc\u00e7leri, Haseke k\u0131rsal\u0131ndaki yasad\u0131\u015f\u0131 askeri \u00fcslerinde bulunan g\u00fc\u00e7lerini desteklemek i\u00e7in yasad\u0131\u015f\u0131 El Velid ge\u00e7idinden lojistik malzeme ve te\u00e7hizat y\u00fckl\u00fc bir konvoyu ge\u00e7irdi.<\/p>\n<p>Yarubiye k\u0131rsal\u0131ndan yerel kaynaklar SANA muhabirine yapt\u0131\u011f\u0131 a\u00e7\u0131klamada, kapal\u0131 konteyn\u0131rlar, termokingleri ve \u00e7ok say\u0131da tanerk y\u00fckl\u00fc kamyonlar da dahil olmak \u00fczere 27 ara\u00e7tan olu\u015fan bir konvoyun, \u00a0DSG milislerinden silahl\u0131lar\u0131n korumas\u0131yla kuzey Irak&#8217;tan yasad\u0131\u015f\u0131 El Velid ge\u00e7idinden Haseke k\u0131rsal\u0131ndaki yasad\u0131\u015f\u0131 \u00fcslerine do\u011fru ge\u00e7irdi\u011fini belirtti.<\/p>\n<p>&nbsp;<\/p>\n<p>&nbsp;<\/p>\n","protected":false},"excerpt":{"rendered":"<p>HASEKE \u2013 Amerikan i\u015fgal g\u00fc\u00e7leri, Haseke k\u0131rsal\u0131ndaki yasad\u0131\u015f\u0131 askeri \u00fcslerinde bulunan g\u00fc\u00e7lerini desteklemek i\u00e7in yasad\u0131\u015f\u0131 El Velid ge\u00e7idinden lojistik malzeme ve te\u00e7hizat y\u00fckl\u00fc bir konvoyu ge\u00e7irdi. Yarubiye k\u0131rsal\u0131ndan yerel kaynaklar SANA muhabirine yapt\u0131\u011f\u0131 a\u00e7\u0131klamada, kapal\u0131 konteyn\u0131rlar, termokingleri ve \u00e7ok say\u0131da tanerk y\u00fckl\u00fc kamyonlar da dahil olmak \u00fczere 27 ara\u00e7tan olu\u015fan bir konvoyun, \u00a0DSG milislerinden silahl\u0131lar\u0131n &hellip;<\/p>\n","protected":false},"author":36,"featured_media":247471,"comment_status":"closed","ping_status":"closed","sticky":false,"template":"","format":"standard","meta":{"footnotes":""},"categories":[479,575,17988,478],"tags":[],"class_list":["post-247470","post","type-post","status-publish","format-standard","has-post-thumbnail","","category-haberler-yerel","category-olaylar-ve-gercekler","category-son-haberler","category-yerel"],"_links":{"self":[{"href":"https:\/\/archive.sana.sy\/tr\/index.php?rest_route=\/wp\/v2\/posts\/247470","targetHints":{"allow":["GET"]}}],"collection":[{"href":"https:\/\/archive.sana.sy\/tr\/index.php?rest_route=\/wp\/v2\/posts"}],"about":[{"href":"https:\/\/archive.sana.sy\/tr\/index.php?rest_route=\/wp\/v2\/types\/post"}],"author":[{"embeddable":true,"href":"https:\/\/archive.sana.sy\/tr\/index.php?rest_route=\/wp\/v2\/users\/36"}],"replies":[{"embeddable":true,"href":"https:\/\/archive.sana.sy\/tr\/index.php?rest_route=%2Fwp%2Fv2%2Fcomments&post=247470"}],"version-history":[{"count":0,"href":"https:\/\/archive.sana.sy\/tr\/index.php?rest_route=\/wp\/v2\/posts\/247470\/revisions"}],"wp:featuredmedia":[{"embeddable":true,"href":"https:\/\/archive.sana.sy\/tr\/index.php?rest_route=\/wp\/v2\/media\/247471"}],"wp:attachment":[{"href":"https:\/\/archive.sana.sy\/tr\/index.php?rest_route=%2Fwp%2Fv2%2Fmedia&parent=247470"}],"wp:term":[{"taxonomy":"category","embeddable":true,"href":"https:\/\/archive.sana.sy\/tr\/index.php?rest_route=%2Fwp%2Fv2%2Fcategories&post=247470"},{"taxonomy":"post_tag","embeddable":true,"href":"https:\/\/archive.sana.sy\/tr\/index.php?rest_route=%2Fwp%2Fv2%2Ftags&post=247470"}],"curies":[{"name":"wp","href":"https:\/\/api.w.org\/{rel}","templated":true}]}}