{"id":24750,"date":"2015-02-24T14:08:07","date_gmt":"2015-02-24T12:08:07","guid":{"rendered":"http:\/\/www.sana.sy\/tr\/?p=24750"},"modified":"2015-02-24T14:08:07","modified_gmt":"2015-02-24T12:08:07","slug":"erdogan-turkiyenin-uluslararasi-sayginligini-baltaliyor","status":"publish","type":"post","link":"https:\/\/archive.sana.sy\/tr\/?p=24750","title":{"rendered":"Erdo\u011fan, T\u00fcrkiye&#8217;nin Uluslararas\u0131 Sayg\u0131nl\u0131\u011f\u0131n\u0131 Baltal\u0131yor"},"content":{"rendered":"<p>LONDRA \u2013 \u0130ngiliz Financial Times Gazetesi T\u00fcrkiye&#8217;de ihvanc\u0131 rejim ba\u015fkan\u0131 ve Suriye&#8217;de \u2018ter\u00f6r efendisi Halep haramisi\u2019 olarak bilinen Recep Tayyip Erdo\u011fan\u2019\u0131n, sultani meyilleriyle birlikte T\u00fcrkiye&#8217;de her \u015feyi kontrol\u00fc alt\u0131nda tutma \u00e7abalar\u0131yla T\u00fcrkiye&#8217;yi otoriter despot bir devlete d\u00f6n\u00fc\u015ft\u00fcrd\u00fc\u011f\u00fcne i\u015faret etti.<\/p>\n<p>Gazete bug\u00fcnk\u00fc say\u0131s\u0131nda \u2018T\u00fcrkiye Demokrasisi Polis Devleti Yolunda\u2019 ba\u015fl\u0131kl\u0131 ana makalesinde;\u00a0 Erdo\u011fan d\u00f6neminde T\u00fcrkiye&#8217;de yarg\u0131, insan haklar\u0131, d\u00fc\u015f\u00fcnce ve g\u00f6r\u00fc\u015f \u00f6zg\u00fcrl\u00fc\u011f\u00fc, demokrasi, \u00f6zg\u00fcrl\u00fck, \u00e7o\u011fulculuk ve bas\u0131n \u00f6zg\u00fcrl\u00fc\u011f\u00fcn\u00fcn h\u0131rpalan\u0131p yok oldu\u011funu belirtti.<\/p>\n<p>&#8220;Erdo\u011fan&#8217;\u0131n iktidara sar\u0131l\u0131\u015f\u0131 \u00fclkenin k\u00fcresel sayg\u0131nl\u0131\u011f\u0131n\u0131 azalt\u0131yor&#8221; ifadesini kullanan Gazete ba\u015f yaz\u0131s\u0131nda; rejim ba\u015fkan\u0131 Erdo\u011fan\u2019\u0131n, T\u00fcrkiye&#8217;yi kendi etraf\u0131nda in\u015fa etti\u011fi otoriter bir devlete d\u00f6n\u00fc\u015ft\u00fcrd\u00fc\u011f\u00fcn\u00fc ifade etti. Gazete; \u201cE\u011fer Erdo\u011fan\u2019a daha da ileri gitmesine izin verilirse, T\u00fcrkiye art\u0131k bir demokraside olmas\u0131 gereken temel standartlara sahip olmayacak&#8221; ifadelerine yer verdi.<\/p>\n<p>&#8220;2011&#8217;den bu yana Erdo\u011fan&#8217;\u0131n Adalet ve Kalk\u0131nma Partisi (AKP) ki\u015fisel \u00f6zg\u00fcrl\u00fckleri k\u0131s\u0131tlamak i\u00e7in o kadar \u00e7ok \u015fey yapt\u0131 ki, bir k\u0131s\u0131tlamay\u0131 di\u011ferinden ay\u0131rmak imkans\u0131z hale geldi&#8221; ifadesini kullanan gazete, i\u00e7 g\u00fcvenlik paketinin i\u00e7eri\u011finden bahsederek paketin endi\u015fe verici oldu\u011funa dikkat \u00e7ekti. Gazete paketin i\u00e7eri\u011fine ilaveten, genel se\u00e7imlerden sadece birka\u00e7 ay \u00f6nce g\u00fcndeme gelmesine dikkat \u00e7ekerek, zamanlamas\u0131n\u0131n da endi\u015fe verici oldu\u011funu belirtti.<\/p>\n<p>\u0130ngiliz Gazete &#8220;Erdo\u011fan&#8217;\u0131n otoriterli\u011fi, T\u00fcrkiye&#8217;ye birka\u00e7 a\u00e7\u0131dan zarar veriyor. B\u00f6lgedeki di\u011fer \u00fclkelerin makul bir \u015fekilde \u00f6zenece\u011fi bir demokrasi olarak sayg\u0131nl\u0131\u011f\u0131n\u0131 zay\u0131flat\u0131yor..&#8221; ifadesinin alt\u0131n\u0131\u00a0 \u00e7izdi.<\/p>\n<p>Financial Times, Erdo\u011fan&#8217;\u0131n otoriterle\u015fmesinin T\u00fcrkiye&#8217;nin uluslararas\u0131 alandaki konumuna da zarar verdi\u011fini s\u00f6yleyerek, daha \u00f6nce b\u00f6lgede stratejik bir oyuncu olan T\u00fcrkiye&#8217;nin d\u0131\u015f siyasetinin \u015fu anda Erdo\u011fan&#8217;\u0131n ki\u015fisel heveslerine g\u00f6re y\u00f6netildi\u011fine vurgu yapt\u0131.<\/p>\n<p>Gazete T\u00fcrkiye&#8217;de rejim ba\u015fkan\u0131 Erdo\u011fan&#8217;\u0131n \u00f6zellikle Irak \u015eam \u0130slam Devleti (I\u015e\u0130D) \u00f6rg\u00fct\u00fcne kar\u015f\u0131 m\u00fccadele konusunda istekli olmad\u0131\u011f\u0131na dikkat \u00e7ekti.<\/p>\n<p>Ter\u00f6r efendisi Erdo\u011fan\u2019\u0131n otoriter \u00e7izgisinin \u00fclkenin uzun vadeli ekonomik beklentilerine de zarar verece\u011fine dikkat \u00e7eken Gazete;\u00a0 \u00f6rnek olarak Erdo\u011fan&#8217;\u0131n Merkez Bankas\u0131&#8217;na y\u00f6nelik &#8220;tekrar eden sald\u0131r\u0131lar\u0131n\u0131n&#8221; siyasi risk beklentisini art\u0131raca\u011f\u0131n\u0131 kaydetti.<\/p>\n<p>A.A.<\/p>\n","protected":false},"excerpt":{"rendered":"<p>LONDRA \u2013 \u0130ngiliz Financial Times Gazetesi T\u00fcrkiye&#8217;de ihvanc\u0131 rejim ba\u015fkan\u0131 ve Suriye&#8217;de \u2018ter\u00f6r efendisi Halep haramisi\u2019 olarak bilinen Recep Tayyip Erdo\u011fan\u2019\u0131n, sultani meyilleriyle birlikte T\u00fcrkiye&#8217;de her \u015feyi kontrol\u00fc alt\u0131nda tutma \u00e7abalar\u0131yla T\u00fcrkiye&#8217;yi otoriter despot bir devlete d\u00f6n\u00fc\u015ft\u00fcrd\u00fc\u011f\u00fcne i\u015faret etti. Gazete bug\u00fcnk\u00fc say\u0131s\u0131nda \u2018T\u00fcrkiye Demokrasisi Polis Devleti Yolunda\u2019 ba\u015fl\u0131kl\u0131 ana makalesinde;\u00a0 Erdo\u011fan d\u00f6neminde T\u00fcrkiye&#8217;de yarg\u0131, insan &hellip;<\/p>\n","protected":false},"author":1,"featured_media":24751,"comment_status":"closed","ping_status":"closed","sticky":false,"template":"","format":"standard","meta":{"footnotes":""},"categories":[556,458,559,459,447,2554,2555],"tags":[9401,11820,11819],"class_list":["post-24750","post","type-post","status-publish","format-standard","has-post-thumbnail","","category-basin","category-dunya1","category-dunya-basini","category-haberler-arap-uluslararasi-politika","category-politika","category-suriye-ve-dunya","category-suriye-ve-turkiye","tag-erdogan","tag-sultani-meyilleriyle-birlikte-turkiyede-her-seyi-kontrolu-altinda-tutma-cabalariyla-turkiyeyi-otoriter-despot-bir-devlete-donusturdugune-isaret-etti","tag-turkiyenin-uluslararasi-sayginligini-baltaliyor-londra-ingiliz-financial-times-gazetesi-turkiyede-ihvanci-rejim-baskani-ve-suriyede-teror-efendisi-halep-haramisi-olarak"],"_links":{"self":[{"href":"https:\/\/archive.sana.sy\/tr\/index.php?rest_route=\/wp\/v2\/posts\/24750","targetHints":{"allow":["GET"]}}],"collection":[{"href":"https:\/\/archive.sana.sy\/tr\/index.php?rest_route=\/wp\/v2\/posts"}],"about":[{"href":"https:\/\/archive.sana.sy\/tr\/index.php?rest_route=\/wp\/v2\/types\/post"}],"author":[{"embeddable":true,"href":"https:\/\/archive.sana.sy\/tr\/index.php?rest_route=\/wp\/v2\/users\/1"}],"replies":[{"embeddable":true,"href":"https:\/\/archive.sana.sy\/tr\/index.php?rest_route=%2Fwp%2Fv2%2Fcomments&post=24750"}],"version-history":[{"count":0,"href":"https:\/\/archive.sana.sy\/tr\/index.php?rest_route=\/wp\/v2\/posts\/24750\/revisions"}],"wp:featuredmedia":[{"embeddable":true,"href":"https:\/\/archive.sana.sy\/tr\/index.php?rest_route=\/wp\/v2\/media\/24751"}],"wp:attachment":[{"href":"https:\/\/archive.sana.sy\/tr\/index.php?rest_route=%2Fwp%2Fv2%2Fmedia&parent=24750"}],"wp:term":[{"taxonomy":"category","embeddable":true,"href":"https:\/\/archive.sana.sy\/tr\/index.php?rest_route=%2Fwp%2Fv2%2Fcategories&post=24750"},{"taxonomy":"post_tag","embeddable":true,"href":"https:\/\/archive.sana.sy\/tr\/index.php?rest_route=%2Fwp%2Fv2%2Ftags&post=24750"}],"curies":[{"name":"wp","href":"https:\/\/api.w.org\/{rel}","templated":true}]}}