{"id":24753,"date":"2015-02-24T10:06:40","date_gmt":"2015-02-24T08:06:40","guid":{"rendered":"http:\/\/www.sana.sy\/tr\/?p=24753"},"modified":"2015-02-25T10:39:43","modified_gmt":"2015-02-25T08:39:43","slug":"sivil-bolgelere-hain-saldirilar-devam-ediyor-2","status":"publish","type":"post","link":"https:\/\/archive.sana.sy\/tr\/?p=24753","title":{"rendered":"Sivil B\u00f6lgelere Hain Sald\u0131r\u0131lar Devam Ediyor"},"content":{"rendered":"<p>HALEP \u2013 Eli kanl\u0131 ter\u00f6r \u00e7eteleri sivil b\u00f6lgelere hain ve korkak sald\u0131r\u0131lar\u0131n\u0131 s\u00fcrd\u00fcr\u00fcrlerken, bug\u00fcn de masum sivillerden bir\u00e7ok masum insan bu sald\u0131r\u0131lar\u0131n kurban\u0131 oldu.<\/p>\n<p>Halep\u00a0 Emniyet M\u00fcd\u00fcrl\u00fc\u011f\u00fcnde bir kaynak Erdo\u011fan rejiminin destekledi\u011fi ter\u00f6r \u00e7etelerin Beni Zeyd Semtinden E\u015frefiye Semtini 3 f\u00fcze roketiyle hedef ald\u0131klar\u0131n\u0131 aktard\u0131.<\/p>\n<p>Gaddar sald\u0131r\u0131larda 10 sivil vatanda\u015f\u0131n yaraland\u0131\u011f\u0131n\u0131 belirten kaynak, sivil ev ve ara\u00e7lar\u0131 da b\u00fcy\u00fck maddi hasara u\u011frad\u0131\u011f\u0131n\u0131 aktard\u0131.<\/p>\n<p>Yaral\u0131lar\u0131n kald\u0131r\u0131ld\u0131\u011f\u0131 Razi Hastanesinde t\u0131bbi bir kaynak ise; hastaneye getirilen 10 yaral\u0131dan ikisinin durumunun a\u011f\u0131r oldu\u011funu a\u00e7\u0131klad\u0131.<\/p>\n<p>A.A.<\/p>\n","protected":false},"excerpt":{"rendered":"<p>HALEP \u2013 Eli kanl\u0131 ter\u00f6r \u00e7eteleri sivil b\u00f6lgelere hain ve korkak sald\u0131r\u0131lar\u0131n\u0131 s\u00fcrd\u00fcr\u00fcrlerken, bug\u00fcn de masum sivillerden bir\u00e7ok masum insan bu sald\u0131r\u0131lar\u0131n kurban\u0131 oldu. Halep\u00a0 Emniyet M\u00fcd\u00fcrl\u00fc\u011f\u00fcnde bir kaynak Erdo\u011fan rejiminin destekledi\u011fi ter\u00f6r \u00e7etelerin Beni Zeyd Semtinden E\u015frefiye Semtini 3 f\u00fcze roketiyle hedef ald\u0131klar\u0131n\u0131 aktard\u0131. Gaddar sald\u0131r\u0131larda 10 sivil vatanda\u015f\u0131n yaraland\u0131\u011f\u0131n\u0131 belirten kaynak, sivil ev &hellip;<\/p>\n","protected":false},"author":1,"featured_media":24754,"comment_status":"closed","ping_status":"closed","sticky":false,"template":"","format":"standard","meta":{"footnotes":""},"categories":[575],"tags":[],"class_list":["post-24753","post","type-post","status-publish","format-standard","has-post-thumbnail","","category-olaylar-ve-gercekler"],"_links":{"self":[{"href":"https:\/\/archive.sana.sy\/tr\/index.php?rest_route=\/wp\/v2\/posts\/24753","targetHints":{"allow":["GET"]}}],"collection":[{"href":"https:\/\/archive.sana.sy\/tr\/index.php?rest_route=\/wp\/v2\/posts"}],"about":[{"href":"https:\/\/archive.sana.sy\/tr\/index.php?rest_route=\/wp\/v2\/types\/post"}],"author":[{"embeddable":true,"href":"https:\/\/archive.sana.sy\/tr\/index.php?rest_route=\/wp\/v2\/users\/1"}],"replies":[{"embeddable":true,"href":"https:\/\/archive.sana.sy\/tr\/index.php?rest_route=%2Fwp%2Fv2%2Fcomments&post=24753"}],"version-history":[{"count":0,"href":"https:\/\/archive.sana.sy\/tr\/index.php?rest_route=\/wp\/v2\/posts\/24753\/revisions"}],"wp:featuredmedia":[{"embeddable":true,"href":"https:\/\/archive.sana.sy\/tr\/index.php?rest_route=\/wp\/v2\/media\/24754"}],"wp:attachment":[{"href":"https:\/\/archive.sana.sy\/tr\/index.php?rest_route=%2Fwp%2Fv2%2Fmedia&parent=24753"}],"wp:term":[{"taxonomy":"category","embeddable":true,"href":"https:\/\/archive.sana.sy\/tr\/index.php?rest_route=%2Fwp%2Fv2%2Fcategories&post=24753"},{"taxonomy":"post_tag","embeddable":true,"href":"https:\/\/archive.sana.sy\/tr\/index.php?rest_route=%2Fwp%2Fv2%2Ftags&post=24753"}],"curies":[{"name":"wp","href":"https:\/\/api.w.org\/{rel}","templated":true}]}}