{"id":247624,"date":"2021-12-22T22:06:17","date_gmt":"2021-12-22T20:06:17","guid":{"rendered":"http:\/\/107.6.182.27\/tr\/?p=247624"},"modified":"2021-12-23T08:38:12","modified_gmt":"2021-12-23T06:38:12","slug":"haseke-kirsalinda-turk-rejiminin-kursunlariyla-bir-vatandas-sehit-dustu","status":"publish","type":"post","link":"https:\/\/archive.sana.sy\/tr\/?p=247624","title":{"rendered":"Haseke K\u0131rsal\u0131nda T\u00fcrk Rejiminin Kur\u015funlar\u0131yla Bir Vatanda\u015f \u015eehit D\u00dc\u015ft\u00fc"},"content":{"rendered":"<p style=\"text-align: justify;\">HASEKE \u2013 Haseke k\u0131rsal\u0131n\u0131n kuzeyinde T\u00fcrk rejim g\u00fc\u00e7lerinin kasten ate\u015f a\u00e7mas\u0131 sonucu bir vatanda\u015f \u015fehit d\u00fc\u015ft\u00fc.<\/p>\n<p style=\"text-align: justify;\">Yerel kaynaklar SANA&#8217;ya yapt\u0131\u011f\u0131 a\u00e7\u0131klamada, Haseke&#8217;nin kuzey k\u0131rsal\u0131ndaki Ma&#8217;bade kasabas\u0131nda ya\u015fayan bir vatanda\u015f\u0131n, T\u00fcrk s\u0131n\u0131r muhaf\u0131zlar\u0131n\u0131n Suriye-T\u00fcrkiye s\u0131n\u0131r\u0131 yak\u0131n\u0131nda kasten ve do\u011frudan otomatik silahlarla kendisini hedef almas\u0131 sonucu \u015fehit d\u00fc\u015ft\u00fc\u011f\u00fcn\u00fc s\u00f6yledi.<\/p>\n<p style=\"text-align: justify;\">Kaynaklar, T\u00fcrk rejiminin s\u0131n\u0131r muhaf\u0131zlar\u0131n\u0131n, Suriye vatanda\u015flar\u0131n\u0131n s\u0131n\u0131r \u015feridine yak\u0131n tar\u0131m arazilerine yakla\u015fmas\u0131n\u0131 engelledi\u011fini, mahsullerini yeti\u015ftirmekten mahrum etti\u011fini, do\u011frudan makineli t\u00fcfek ve keskin ni\u015fanc\u0131 mermileriyle hedef ald\u0131\u011f\u0131n\u0131 belirtti. Kaynaklar, bunun da ge\u00e7ti\u011fimiz y\u0131llarda onlarcas\u0131n\u0131n \u00f6l\u00fcm\u00fcne ve yaralanmas\u0131na neden oldu\u011funa i\u015faret etti.<\/p>\n<p style=\"text-align: justify;\">P.M.<\/p>\n","protected":false},"excerpt":{"rendered":"<p>HASEKE \u2013 Haseke k\u0131rsal\u0131n\u0131n kuzeyinde T\u00fcrk rejim g\u00fc\u00e7lerinin kasten ate\u015f a\u00e7mas\u0131 sonucu bir vatanda\u015f \u015fehit d\u00fc\u015ft\u00fc. Yerel kaynaklar SANA&#8217;ya yapt\u0131\u011f\u0131 a\u00e7\u0131klamada, Haseke&#8217;nin kuzey k\u0131rsal\u0131ndaki Ma&#8217;bade kasabas\u0131nda ya\u015fayan bir vatanda\u015f\u0131n, T\u00fcrk s\u0131n\u0131r muhaf\u0131zlar\u0131n\u0131n Suriye-T\u00fcrkiye s\u0131n\u0131r\u0131 yak\u0131n\u0131nda kasten ve do\u011frudan otomatik silahlarla kendisini hedef almas\u0131 sonucu \u015fehit d\u00fc\u015ft\u00fc\u011f\u00fcn\u00fc s\u00f6yledi. Kaynaklar, T\u00fcrk rejiminin s\u0131n\u0131r muhaf\u0131zlar\u0131n\u0131n, Suriye vatanda\u015flar\u0131n\u0131n s\u0131n\u0131r &hellip;<\/p>\n","protected":false},"author":1,"featured_media":247625,"comment_status":"closed","ping_status":"closed","sticky":false,"template":"","format":"standard","meta":{"footnotes":""},"categories":[479,575,17988,2554,2555,478],"tags":[],"class_list":["post-247624","post","type-post","status-publish","format-standard","has-post-thumbnail","","category-haberler-yerel","category-olaylar-ve-gercekler","category-son-haberler","category-suriye-ve-dunya","category-suriye-ve-turkiye","category-yerel"],"_links":{"self":[{"href":"https:\/\/archive.sana.sy\/tr\/index.php?rest_route=\/wp\/v2\/posts\/247624","targetHints":{"allow":["GET"]}}],"collection":[{"href":"https:\/\/archive.sana.sy\/tr\/index.php?rest_route=\/wp\/v2\/posts"}],"about":[{"href":"https:\/\/archive.sana.sy\/tr\/index.php?rest_route=\/wp\/v2\/types\/post"}],"author":[{"embeddable":true,"href":"https:\/\/archive.sana.sy\/tr\/index.php?rest_route=\/wp\/v2\/users\/1"}],"replies":[{"embeddable":true,"href":"https:\/\/archive.sana.sy\/tr\/index.php?rest_route=%2Fwp%2Fv2%2Fcomments&post=247624"}],"version-history":[{"count":0,"href":"https:\/\/archive.sana.sy\/tr\/index.php?rest_route=\/wp\/v2\/posts\/247624\/revisions"}],"wp:featuredmedia":[{"embeddable":true,"href":"https:\/\/archive.sana.sy\/tr\/index.php?rest_route=\/wp\/v2\/media\/247625"}],"wp:attachment":[{"href":"https:\/\/archive.sana.sy\/tr\/index.php?rest_route=%2Fwp%2Fv2%2Fmedia&parent=247624"}],"wp:term":[{"taxonomy":"category","embeddable":true,"href":"https:\/\/archive.sana.sy\/tr\/index.php?rest_route=%2Fwp%2Fv2%2Fcategories&post=247624"},{"taxonomy":"post_tag","embeddable":true,"href":"https:\/\/archive.sana.sy\/tr\/index.php?rest_route=%2Fwp%2Fv2%2Ftags&post=247624"}],"curies":[{"name":"wp","href":"https:\/\/api.w.org\/{rel}","templated":true}]}}