{"id":247632,"date":"2021-12-23T09:17:21","date_gmt":"2021-12-23T07:17:21","guid":{"rendered":"http:\/\/107.6.182.27\/tr\/?p=247632"},"modified":"2021-12-24T09:47:36","modified_gmt":"2021-12-24T07:47:36","slug":"dera-kirsalinda-bomba-duzenegi-patladi-birkac-kisi-yaralandi","status":"publish","type":"post","link":"https:\/\/archive.sana.sy\/tr\/?p=247632","title":{"rendered":"Dera K\u0131rsal\u0131nda Bir Bomba D\u00fczene\u011fi Patlad\u0131, El Naima Belediye Ba\u015fkan\u0131 \u015eehit D\u00fc\u015ft\u00fc"},"content":{"rendered":"<p>DERA \u2013 Dera k\u0131rsal\u0131n\u0131n do\u011fusunda yer alan El Naima belediye ba\u015fkan\u0131 Dera kentinde bir bomba d\u00fczene\u011finin patlamas\u0131 sonucunda \u015fehit oldu ve bir sivil yaraland\u0131.<\/p>\n<p>Dera SANA muhabiri, bug\u00fcn El Naima Belediye Ba\u015fkan\u0131 Alaa El Abud&#8217;un Dera kentindeki El Hirbe kav\u015fa\u011f\u0131 yak\u0131n\u0131nda ter\u00f6ristler taraf\u0131ndan yerle\u015ftirilen bomba d\u00fczene\u011finin patlamas\u0131 sonucunda \u015fehit d\u00fc\u015ft\u00fc\u011f\u00fcn\u00fc ve olay yerinde bulunan bir sivilin yaraland\u0131\u011f\u0131n\u0131 belirtti.<\/p>\n","protected":false},"excerpt":{"rendered":"<p>DERA \u2013 Dera k\u0131rsal\u0131n\u0131n do\u011fusunda yer alan El Naima belediye ba\u015fkan\u0131 Dera kentinde bir bomba d\u00fczene\u011finin patlamas\u0131 sonucunda \u015fehit oldu ve bir sivil yaraland\u0131. Dera SANA muhabiri, bug\u00fcn El Naima Belediye Ba\u015fkan\u0131 Alaa El Abud&#8217;un Dera kentindeki El Hirbe kav\u015fa\u011f\u0131 yak\u0131n\u0131nda ter\u00f6ristler taraf\u0131ndan yerle\u015ftirilen bomba d\u00fczene\u011finin patlamas\u0131 sonucunda \u015fehit d\u00fc\u015ft\u00fc\u011f\u00fcn\u00fc ve olay yerinde bulunan bir &hellip;<\/p>\n","protected":false},"author":36,"featured_media":247633,"comment_status":"closed","ping_status":"closed","sticky":false,"template":"","format":"standard","meta":{"footnotes":""},"categories":[479,575,17988,478],"tags":[],"class_list":["post-247632","post","type-post","status-publish","format-standard","has-post-thumbnail","","category-haberler-yerel","category-olaylar-ve-gercekler","category-son-haberler","category-yerel"],"_links":{"self":[{"href":"https:\/\/archive.sana.sy\/tr\/index.php?rest_route=\/wp\/v2\/posts\/247632","targetHints":{"allow":["GET"]}}],"collection":[{"href":"https:\/\/archive.sana.sy\/tr\/index.php?rest_route=\/wp\/v2\/posts"}],"about":[{"href":"https:\/\/archive.sana.sy\/tr\/index.php?rest_route=\/wp\/v2\/types\/post"}],"author":[{"embeddable":true,"href":"https:\/\/archive.sana.sy\/tr\/index.php?rest_route=\/wp\/v2\/users\/36"}],"replies":[{"embeddable":true,"href":"https:\/\/archive.sana.sy\/tr\/index.php?rest_route=%2Fwp%2Fv2%2Fcomments&post=247632"}],"version-history":[{"count":0,"href":"https:\/\/archive.sana.sy\/tr\/index.php?rest_route=\/wp\/v2\/posts\/247632\/revisions"}],"wp:featuredmedia":[{"embeddable":true,"href":"https:\/\/archive.sana.sy\/tr\/index.php?rest_route=\/wp\/v2\/media\/247633"}],"wp:attachment":[{"href":"https:\/\/archive.sana.sy\/tr\/index.php?rest_route=%2Fwp%2Fv2%2Fmedia&parent=247632"}],"wp:term":[{"taxonomy":"category","embeddable":true,"href":"https:\/\/archive.sana.sy\/tr\/index.php?rest_route=%2Fwp%2Fv2%2Fcategories&post=247632"},{"taxonomy":"post_tag","embeddable":true,"href":"https:\/\/archive.sana.sy\/tr\/index.php?rest_route=%2Fwp%2Fv2%2Ftags&post=247632"}],"curies":[{"name":"wp","href":"https:\/\/api.w.org\/{rel}","templated":true}]}}