{"id":247637,"date":"2021-12-23T09:53:25","date_gmt":"2021-12-23T07:53:25","guid":{"rendered":"http:\/\/107.6.182.27\/tr\/?p=247637"},"modified":"2021-12-26T08:16:30","modified_gmt":"2021-12-26T06:16:30","slug":"amerikan-helikopterlerin-destegiyle-dsg-milisleri-deyrezzor-kirsalindan-birkac-sivili-kacirdi-3","status":"publish","type":"post","link":"https:\/\/archive.sana.sy\/tr\/?p=247637","title":{"rendered":"Amerikan Helikopterlerin Deste\u011fiyle.. DSG Milisleri Deyrezzor K\u0131rsal\u0131ndan Birka\u00e7 Sivili Ka\u00e7\u0131rd\u0131"},"content":{"rendered":"<p>DEYREZZOR \u2013 Amerikan i\u015fgal g\u00fc\u00e7lerinin helikopterlerinin deste\u011fiyle, DSG milisleri, Deyrezzor k\u0131rsal\u0131n\u0131n kuzeyinde yer alan Ebu El Netil beldesinde \u00e7ok say\u0131da eve bask\u0131n d\u00fczenledi ve birka\u00e7 sivili ka\u00e7\u0131rd\u0131.<\/p>\n<p>Yerel kaynaklar SANA\u2019ya a\u00e7\u0131klamada, \u201cDSG\u201d milislerinden silahl\u0131 gruplar\u0131n Amerikan helikoterlerin deste\u011fiyle, Deyrezzor k\u0131rsal\u0131n\u0131n kuzeyinde yer alan Ebu El Netil beldesindeki vatanda\u015flar\u0131n evlerine bask\u0131n d\u00fczenledi\u011fini belirtirken, birka\u00e7 sivili ka\u00e7\u0131r\u0131p bilinmeyen bir yere g\u00f6t\u00fcrd\u00fcklerine i\u015faret etti.<\/p>\n","protected":false},"excerpt":{"rendered":"<p>DEYREZZOR \u2013 Amerikan i\u015fgal g\u00fc\u00e7lerinin helikopterlerinin deste\u011fiyle, DSG milisleri, Deyrezzor k\u0131rsal\u0131n\u0131n kuzeyinde yer alan Ebu El Netil beldesinde \u00e7ok say\u0131da eve bask\u0131n d\u00fczenledi ve birka\u00e7 sivili ka\u00e7\u0131rd\u0131. Yerel kaynaklar SANA\u2019ya a\u00e7\u0131klamada, \u201cDSG\u201d milislerinden silahl\u0131 gruplar\u0131n Amerikan helikoterlerin deste\u011fiyle, Deyrezzor k\u0131rsal\u0131n\u0131n kuzeyinde yer alan Ebu El Netil beldesindeki vatanda\u015flar\u0131n evlerine bask\u0131n d\u00fczenledi\u011fini belirtirken, birka\u00e7 sivili ka\u00e7\u0131r\u0131p &hellip;<\/p>\n","protected":false},"author":36,"featured_media":247638,"comment_status":"closed","ping_status":"closed","sticky":false,"template":"","format":"standard","meta":{"footnotes":""},"categories":[479,575,17988,478],"tags":[],"class_list":["post-247637","post","type-post","status-publish","format-standard","has-post-thumbnail","","category-haberler-yerel","category-olaylar-ve-gercekler","category-son-haberler","category-yerel"],"_links":{"self":[{"href":"https:\/\/archive.sana.sy\/tr\/index.php?rest_route=\/wp\/v2\/posts\/247637","targetHints":{"allow":["GET"]}}],"collection":[{"href":"https:\/\/archive.sana.sy\/tr\/index.php?rest_route=\/wp\/v2\/posts"}],"about":[{"href":"https:\/\/archive.sana.sy\/tr\/index.php?rest_route=\/wp\/v2\/types\/post"}],"author":[{"embeddable":true,"href":"https:\/\/archive.sana.sy\/tr\/index.php?rest_route=\/wp\/v2\/users\/36"}],"replies":[{"embeddable":true,"href":"https:\/\/archive.sana.sy\/tr\/index.php?rest_route=%2Fwp%2Fv2%2Fcomments&post=247637"}],"version-history":[{"count":0,"href":"https:\/\/archive.sana.sy\/tr\/index.php?rest_route=\/wp\/v2\/posts\/247637\/revisions"}],"wp:featuredmedia":[{"embeddable":true,"href":"https:\/\/archive.sana.sy\/tr\/index.php?rest_route=\/wp\/v2\/media\/247638"}],"wp:attachment":[{"href":"https:\/\/archive.sana.sy\/tr\/index.php?rest_route=%2Fwp%2Fv2%2Fmedia&parent=247637"}],"wp:term":[{"taxonomy":"category","embeddable":true,"href":"https:\/\/archive.sana.sy\/tr\/index.php?rest_route=%2Fwp%2Fv2%2Fcategories&post=247637"},{"taxonomy":"post_tag","embeddable":true,"href":"https:\/\/archive.sana.sy\/tr\/index.php?rest_route=%2Fwp%2Fv2%2Ftags&post=247637"}],"curies":[{"name":"wp","href":"https:\/\/api.w.org\/{rel}","templated":true}]}}