{"id":247641,"date":"2021-12-23T10:35:52","date_gmt":"2021-12-23T08:35:52","guid":{"rendered":"http:\/\/107.6.182.27\/tr\/?p=247641"},"modified":"2021-12-26T08:16:37","modified_gmt":"2021-12-26T06:16:37","slug":"suriye-rusya-koordinasyon-heyetleri-ortak-toplantisi-basladi","status":"publish","type":"post","link":"https:\/\/archive.sana.sy\/tr\/?p=247641","title":{"rendered":"Suriye-Rusya Koordinasyon Heyetleri Ortak Toplant\u0131s\u0131 Ba\u015flad\u0131"},"content":{"rendered":"<p>\u015eAM \u2013 Suriye-Rusya koordinasyon bakanl\u0131k heyetlerinin yerinden edilmi\u015f ki\u015filerin d\u00f6n\u00fc\u015f\u00fcne ili\u015fkin ortak toplant\u0131s\u0131 bug\u00fcn ba\u015flad\u0131.<\/p>\n<p><img loading=\"lazy\" decoding=\"async\" class=\"size-medium wp-image-247651 alignright\" src=\"http:\/\/107.6.182.27\/tr\/wp-content\/uploads\/2021\/12\/5-9-300x194.jpg\" alt=\"\" width=\"300\" height=\"194\" srcset=\"https:\/\/archive.sana.sy\/tr\/wp-content\/uploads\/2021\/12\/5-9-300x194.jpg 300w, https:\/\/archive.sana.sy\/tr\/wp-content\/uploads\/2021\/12\/5-9-150x97.jpg 150w, https:\/\/archive.sana.sy\/tr\/wp-content\/uploads\/2021\/12\/5-9.jpg 660w\" sizes=\"auto, (max-width: 300px) 100vw, 300px\" \/>Toplant\u0131, \u015eam&#8217;daki Konferanslar Saray\u0131&#8217;nda ve Moskova&#8217;daki Rusya Federasyonu Ulusal Savunma Komuta Merkezi&#8217;nde video teknolojisi arac\u0131l\u0131\u011f\u0131yla ger\u00e7ekle\u015ftirilecek.<\/p>\n<p>Yerel Y\u00f6netim ve \u00c7evre Bakan\u0131 H\u00fcseyin Mahluf toplant\u0131da yapt\u0131\u011f\u0131 konu\u015fmada, &#8220;Bu, yerinden edilmi\u015f Suriyelilerin anavatana geri d\u00f6n\u00fc\u015fleri i\u00e7in uygun ko\u015fullar\u0131n sa\u011flanmas\u0131na y\u00f6nelik ortak \u00e7abalar\u0131n takibi \u00e7er\u00e7evesinde geliyor ve Suriye&#8217;ye uygulanan yasa d\u0131\u015f\u0131 yapt\u0131r\u0131mlar da geri d\u00f6nme \u00e7abalar\u0131n\u0131 engelliyor\u201d dedi.<\/p>\n<p>Bakan Mahluf, Suriye&#8217;ye uygulanan yasa d\u0131\u015f\u0131 yapt\u0131r\u0131mlar\u0131n ve ABD ve T\u00fcrkiye&#8217;nin Suriye topraklar\u0131n\u0131n baz\u0131 k\u0131s\u0131mlar\u0131n\u0131 i\u015fgal etmeye devam etmesinin ve zenginli\u011finin ve kaynaklar\u0131n\u0131n ya\u011fmalanmas\u0131n\u0131n, yerinden edilen Suriyelilerin geri d\u00f6n\u00fc\u015f\u00fcn\u00fc engelledi\u011fini de s\u00f6zlerine ekledi.<\/p>\n<p>Bakan Mahluf, yerinden edilen Suriyelilerin geri d\u00f6n\u00fc\u015f\u00fcn\u00fcn, devlet i\u00e7in bir \u00f6ncelik oldu\u011funu, geri d\u00f6n\u00fc\u015fleri i\u00e7in ba\u015fta af kararnameleri olmak \u00fczere kolayl\u0131klar sa\u011flamak ve durumlar\u0131n\u0131 halletmek isteyenlere izin verilmesi i\u00e7in uzla\u015fma dosyas\u0131n\u0131n tamamlanmas\u0131n\u0131 takip etmek i\u00e7in hi\u00e7bir \u00e7abadan ka\u00e7\u0131nmayan devlet i\u00e7in bir \u00f6ncelik oldu\u011funu vurgulad\u0131.<\/p>\n<p>Buna kar\u015f\u0131l\u0131k Rusya Savunma Bakan Yard\u0131mc\u0131s\u0131 Gennady Cedko, ter\u00f6rle m\u00fccadelede elde edilenlerin \u00fczerine in\u015fa etmek i\u00e7in Suriye ekonomisini ve altyap\u0131s\u0131n\u0131 yeniden in\u015fa etmenin ana g\u00f6rev oldu\u011funu belirtirken, ABD ve Bat\u0131l\u0131 \u00fclkelerin Suriye&#8217;ye uygulad\u0131\u011f\u0131 ekonomik yapt\u0131r\u0131mlar\u0131n, yerinden edilenlerin geri d\u00f6n\u00fc\u015f\u00fcn\u00fc engelledi\u011fine i\u015faret etti.<\/p>\n<p><img loading=\"lazy\" decoding=\"async\" class=\"size-medium wp-image-247652 alignright\" src=\"http:\/\/107.6.182.27\/tr\/wp-content\/uploads\/2021\/12\/6-8-300x198.jpg\" alt=\"\" width=\"300\" height=\"198\" srcset=\"https:\/\/archive.sana.sy\/tr\/wp-content\/uploads\/2021\/12\/6-8-300x198.jpg 300w, https:\/\/archive.sana.sy\/tr\/wp-content\/uploads\/2021\/12\/6-8-150x99.jpg 150w, https:\/\/archive.sana.sy\/tr\/wp-content\/uploads\/2021\/12\/6-8-310x205.jpg 310w, https:\/\/archive.sana.sy\/tr\/wp-content\/uploads\/2021\/12\/6-8.jpg 660w\" sizes=\"auto, (max-width: 300px) 100vw, 300px\" \/>D\u0131\u015fi\u015fleri ve Gurbet\u00e7iler Bakan\u0131 Dr.Faysal El Mikdad yapt\u0131\u011f\u0131 konu\u015fmada, Suriye&#8217;nin o\u011fullar\u0131n\u0131 geri getirmeye \u00e7al\u0131\u015ft\u0131\u011f\u0131n\u0131 belirtirken, onlar\u0131 bir kez daha geri d\u00f6nmeye ve ter\u00f6rizm taraf\u0131ndan tahrip edilenlerin yeniden in\u015fa s\u00fcrecine katk\u0131da bulunmaya \u00e7a\u011f\u0131rd\u0131.<\/p>\n<p>El Mikdad, yerinden edilen Suriyelilerin anavatanlar\u0131na geri d\u00f6n\u00fc\u015f\u00fcn\u00fc istemeyen ve buna her \u015fekilde engel olmaya devam eden Bat\u0131l\u0131 \u00fclkeler oldu\u011funa dikkati \u00e7ekti.<\/p>\n<p>El Mikdad, &#8220;T\u00fcrk rejimi Suriye&#8217;deki ter\u00f6r \u00f6rg\u00fctlerini a\u00e7\u0131k\u00e7a desteklemeye devam ediyor ve Haseke&#8217;de defalarca bir milyondan fazla vatanda\u015f\u0131n i\u00e7me suyunu kesti&#8221; dedi.<\/p>\n<p>El Mikdad ayr\u0131ca Suriye&#8217;nin kendisine komplo kuranlara teslim olmayaca\u011f\u0131n\u0131, egemenli\u011fini, ba\u011f\u0131ms\u0131zl\u0131\u011f\u0131n\u0131 ve toprak b\u00fct\u00fcnl\u00fc\u011f\u00fcn\u00fc savunmaya devam etti\u011fini vurgulad\u0131.<\/p>\n<div id='gallery-1' class='gallery galleryid-247641 gallery-columns-1 gallery-size-full'><figure class='gallery-item'>\n\t\t\t<div class='gallery-icon landscape'>\n\t\t\t\t<a href='https:\/\/archive.sana.sy\/tr\/wp-content\/uploads\/2021\/12\/photo_2021-12-23_10-08-07-1.jpg'><img loading=\"lazy\" decoding=\"async\" width=\"660\" height=\"368\" src=\"https:\/\/archive.sana.sy\/tr\/wp-content\/uploads\/2021\/12\/photo_2021-12-23_10-08-07-1.jpg\" class=\"attachment-full size-full\" alt=\"\" srcset=\"https:\/\/archive.sana.sy\/tr\/wp-content\/uploads\/2021\/12\/photo_2021-12-23_10-08-07-1.jpg 660w, https:\/\/archive.sana.sy\/tr\/wp-content\/uploads\/2021\/12\/photo_2021-12-23_10-08-07-1-300x167.jpg 300w, https:\/\/archive.sana.sy\/tr\/wp-content\/uploads\/2021\/12\/photo_2021-12-23_10-08-07-1-150x84.jpg 150w\" sizes=\"auto, (max-width: 660px) 100vw, 660px\" \/><\/a>\n\t\t\t<\/div><\/figure><figure class='gallery-item'>\n\t\t\t<div class='gallery-icon landscape'>\n\t\t\t\t<a href='https:\/\/archive.sana.sy\/tr\/wp-content\/uploads\/2021\/12\/photo_2021-12-23_10-09-06-1.jpg'><img loading=\"lazy\" decoding=\"async\" width=\"660\" height=\"361\" src=\"https:\/\/archive.sana.sy\/tr\/wp-content\/uploads\/2021\/12\/photo_2021-12-23_10-09-06-1.jpg\" class=\"attachment-full size-full\" alt=\"\" srcset=\"https:\/\/archive.sana.sy\/tr\/wp-content\/uploads\/2021\/12\/photo_2021-12-23_10-09-06-1.jpg 660w, https:\/\/archive.sana.sy\/tr\/wp-content\/uploads\/2021\/12\/photo_2021-12-23_10-09-06-1-300x164.jpg 300w, https:\/\/archive.sana.sy\/tr\/wp-content\/uploads\/2021\/12\/photo_2021-12-23_10-09-06-1-150x82.jpg 150w\" sizes=\"auto, (max-width: 660px) 100vw, 660px\" \/><\/a>\n\t\t\t<\/div><\/figure><figure class='gallery-item'>\n\t\t\t<div class='gallery-icon landscape'>\n\t\t\t\t<a href='https:\/\/archive.sana.sy\/tr\/wp-content\/uploads\/2021\/12\/photo_2021-12-23_10-13-53.jpg'><img loading=\"lazy\" decoding=\"async\" width=\"660\" height=\"417\" src=\"https:\/\/archive.sana.sy\/tr\/wp-content\/uploads\/2021\/12\/photo_2021-12-23_10-13-53.jpg\" class=\"attachment-full size-full\" alt=\"\" srcset=\"https:\/\/archive.sana.sy\/tr\/wp-content\/uploads\/2021\/12\/photo_2021-12-23_10-13-53.jpg 660w, https:\/\/archive.sana.sy\/tr\/wp-content\/uploads\/2021\/12\/photo_2021-12-23_10-13-53-300x190.jpg 300w, https:\/\/archive.sana.sy\/tr\/wp-content\/uploads\/2021\/12\/photo_2021-12-23_10-13-53-150x95.jpg 150w\" sizes=\"auto, (max-width: 660px) 100vw, 660px\" \/><\/a>\n\t\t\t<\/div><\/figure><figure class='gallery-item'>\n\t\t\t<div class='gallery-icon landscape'>\n\t\t\t\t<a href='https:\/\/archive.sana.sy\/tr\/wp-content\/uploads\/2021\/12\/photo_2021-12-23_10-16-42.jpg'><img loading=\"lazy\" decoding=\"async\" width=\"660\" height=\"394\" src=\"https:\/\/archive.sana.sy\/tr\/wp-content\/uploads\/2021\/12\/photo_2021-12-23_10-16-42.jpg\" class=\"attachment-full size-full\" alt=\"\" srcset=\"https:\/\/archive.sana.sy\/tr\/wp-content\/uploads\/2021\/12\/photo_2021-12-23_10-16-42.jpg 660w, https:\/\/archive.sana.sy\/tr\/wp-content\/uploads\/2021\/12\/photo_2021-12-23_10-16-42-300x179.jpg 300w, https:\/\/archive.sana.sy\/tr\/wp-content\/uploads\/2021\/12\/photo_2021-12-23_10-16-42-150x90.jpg 150w\" sizes=\"auto, (max-width: 660px) 100vw, 660px\" \/><\/a>\n\t\t\t<\/div><\/figure>\n\t\t<\/div>\n\n","protected":false},"excerpt":{"rendered":"<p>\u015eAM \u2013 Suriye-Rusya koordinasyon bakanl\u0131k heyetlerinin yerinden edilmi\u015f ki\u015filerin d\u00f6n\u00fc\u015f\u00fcne ili\u015fkin ortak toplant\u0131s\u0131 bug\u00fcn ba\u015flad\u0131. Toplant\u0131, \u015eam&#8217;daki Konferanslar Saray\u0131&#8217;nda ve Moskova&#8217;daki Rusya Federasyonu Ulusal Savunma Komuta Merkezi&#8217;nde video teknolojisi arac\u0131l\u0131\u011f\u0131yla ger\u00e7ekle\u015ftirilecek. Yerel Y\u00f6netim ve \u00c7evre Bakan\u0131 H\u00fcseyin Mahluf toplant\u0131da yapt\u0131\u011f\u0131 konu\u015fmada, &#8220;Bu, yerinden edilmi\u015f Suriyelilerin anavatana geri d\u00f6n\u00fc\u015fleri i\u00e7in uygun ko\u015fullar\u0131n sa\u011flanmas\u0131na y\u00f6nelik ortak \u00e7abalar\u0131n &hellip;<\/p>\n","protected":false},"author":36,"featured_media":247646,"comment_status":"closed","ping_status":"closed","sticky":false,"template":"","format":"standard","meta":{"footnotes":""},"categories":[596,479,17988,478],"tags":[],"class_list":["post-247641","post","type-post","status-publish","format-standard","has-post-thumbnail","","category-fotografli-raporlar","category-haberler-yerel","category-son-haberler","category-yerel"],"_links":{"self":[{"href":"https:\/\/archive.sana.sy\/tr\/index.php?rest_route=\/wp\/v2\/posts\/247641","targetHints":{"allow":["GET"]}}],"collection":[{"href":"https:\/\/archive.sana.sy\/tr\/index.php?rest_route=\/wp\/v2\/posts"}],"about":[{"href":"https:\/\/archive.sana.sy\/tr\/index.php?rest_route=\/wp\/v2\/types\/post"}],"author":[{"embeddable":true,"href":"https:\/\/archive.sana.sy\/tr\/index.php?rest_route=\/wp\/v2\/users\/36"}],"replies":[{"embeddable":true,"href":"https:\/\/archive.sana.sy\/tr\/index.php?rest_route=%2Fwp%2Fv2%2Fcomments&post=247641"}],"version-history":[{"count":0,"href":"https:\/\/archive.sana.sy\/tr\/index.php?rest_route=\/wp\/v2\/posts\/247641\/revisions"}],"wp:featuredmedia":[{"embeddable":true,"href":"https:\/\/archive.sana.sy\/tr\/index.php?rest_route=\/wp\/v2\/media\/247646"}],"wp:attachment":[{"href":"https:\/\/archive.sana.sy\/tr\/index.php?rest_route=%2Fwp%2Fv2%2Fmedia&parent=247641"}],"wp:term":[{"taxonomy":"category","embeddable":true,"href":"https:\/\/archive.sana.sy\/tr\/index.php?rest_route=%2Fwp%2Fv2%2Fcategories&post=247641"},{"taxonomy":"post_tag","embeddable":true,"href":"https:\/\/archive.sana.sy\/tr\/index.php?rest_route=%2Fwp%2Fv2%2Ftags&post=247641"}],"curies":[{"name":"wp","href":"https:\/\/api.w.org\/{rel}","templated":true}]}}