{"id":247648,"date":"2021-12-23T09:00:58","date_gmt":"2021-12-23T07:00:58","guid":{"rendered":"http:\/\/107.6.182.27\/tr\/?p=247648"},"modified":"2021-12-24T09:47:30","modified_gmt":"2021-12-24T07:47:30","slug":"israil-isgal-gucleri-bati-yakada-9-filistinliyi-tutukladi-5","status":"publish","type":"post","link":"https:\/\/archive.sana.sy\/tr\/?p=247648","title":{"rendered":"\u0130srail \u0130\u015fgal G\u00fc\u00e7leri, Bat\u0131 Yaka\u2019da 9 Filistinliyi Tutuklad\u0131"},"content":{"rendered":"<p>\u0130\u015eGAL ALTINDAK\u0130 KUD\u00dcS \u2013 \u0130srail i\u015fgal g\u00fc\u00e7leri, Bat\u0131 Yaka\u2019n\u0131n farkl\u0131 b\u00f6lgelerinde 9 Filistinliyi tutuklad\u0131.<\/p>\n<p>Filistinli WAFA Haber Ajans\u0131, \u0130srail i\u015fgal g\u00fc\u00e7lerinin, Nablus\u2019teki Barka k\u00f6y\u00fc ve Asira El \u015eemaliye beldesi, Cenin\u2019deki El Sile El Harisiye beldesi ve Tubas\u2019taki Tamun beldesine bask\u0131n d\u00fczenledi\u011fini belirtirken, 9 Filistinliyi tutuklad\u0131\u011f\u0131na i\u015faret etti.<\/p>\n","protected":false},"excerpt":{"rendered":"<p>\u0130\u015eGAL ALTINDAK\u0130 KUD\u00dcS \u2013 \u0130srail i\u015fgal g\u00fc\u00e7leri, Bat\u0131 Yaka\u2019n\u0131n farkl\u0131 b\u00f6lgelerinde 9 Filistinliyi tutuklad\u0131. Filistinli WAFA Haber Ajans\u0131, \u0130srail i\u015fgal g\u00fc\u00e7lerinin, Nablus\u2019teki Barka k\u00f6y\u00fc ve Asira El \u015eemaliye beldesi, Cenin\u2019deki El Sile El Harisiye beldesi ve Tubas\u2019taki Tamun beldesine bask\u0131n d\u00fczenledi\u011fini belirtirken, 9 Filistinliyi tutuklad\u0131\u011f\u0131na i\u015faret etti.<\/p>\n","protected":false},"author":36,"featured_media":247649,"comment_status":"closed","ping_status":"closed","sticky":false,"template":"","format":"standard","meta":{"footnotes":""},"categories":[458,459,17988],"tags":[],"class_list":["post-247648","post","type-post","status-publish","format-standard","has-post-thumbnail","","category-dunya1","category-haberler-arap-uluslararasi-politika","category-son-haberler"],"_links":{"self":[{"href":"https:\/\/archive.sana.sy\/tr\/index.php?rest_route=\/wp\/v2\/posts\/247648","targetHints":{"allow":["GET"]}}],"collection":[{"href":"https:\/\/archive.sana.sy\/tr\/index.php?rest_route=\/wp\/v2\/posts"}],"about":[{"href":"https:\/\/archive.sana.sy\/tr\/index.php?rest_route=\/wp\/v2\/types\/post"}],"author":[{"embeddable":true,"href":"https:\/\/archive.sana.sy\/tr\/index.php?rest_route=\/wp\/v2\/users\/36"}],"replies":[{"embeddable":true,"href":"https:\/\/archive.sana.sy\/tr\/index.php?rest_route=%2Fwp%2Fv2%2Fcomments&post=247648"}],"version-history":[{"count":0,"href":"https:\/\/archive.sana.sy\/tr\/index.php?rest_route=\/wp\/v2\/posts\/247648\/revisions"}],"wp:featuredmedia":[{"embeddable":true,"href":"https:\/\/archive.sana.sy\/tr\/index.php?rest_route=\/wp\/v2\/media\/247649"}],"wp:attachment":[{"href":"https:\/\/archive.sana.sy\/tr\/index.php?rest_route=%2Fwp%2Fv2%2Fmedia&parent=247648"}],"wp:term":[{"taxonomy":"category","embeddable":true,"href":"https:\/\/archive.sana.sy\/tr\/index.php?rest_route=%2Fwp%2Fv2%2Fcategories&post=247648"},{"taxonomy":"post_tag","embeddable":true,"href":"https:\/\/archive.sana.sy\/tr\/index.php?rest_route=%2Fwp%2Fv2%2Ftags&post=247648"}],"curies":[{"name":"wp","href":"https:\/\/api.w.org\/{rel}","templated":true}]}}